{"id":3954,"date":"2025-02-07T12:44:31","date_gmt":"2025-02-07T15:44:31","guid":{"rendered":"https:\/\/radioclubedeinhapim.com.br\/?p=3954"},"modified":"2025-02-07T12:44:31","modified_gmt":"2025-02-07T15:44:31","slug":"mpmg-anuncia-prisao-de-condenado-por-homicidio-em-santo-antonio-do-alegre-distrito-de-inhapim-apos-decisao-do-stf","status":"publish","type":"post","link":"https:\/\/radioclubedeinhapim.com.br\/index.php\/2025\/02\/07\/mpmg-anuncia-prisao-de-condenado-por-homicidio-em-santo-antonio-do-alegre-distrito-de-inhapim-apos-decisao-do-stf\/","title":{"rendered":"MPMG anuncia pris\u00e3o de condenado por homic\u00eddio em Santo Ant\u00f4nio do Alegre, distrito de Inhapim, ap\u00f3s decis\u00e3o do STF"},"content":{"rendered":"\n<p>O Minist\u00e9rio P\u00fablico de Minas Gerais (MPMG), por meio da 2\u00aa Promotoria de Justi\u00e7a de Inhapim\/MG, anunciou a pris\u00e3o de um homem condenado por homic\u00eddio qualificado. A pris\u00e3o ocorreu em Belo Oriente\/MG, nesta quinta-feira (06\/02), ap\u00f3s decis\u00e3o favor\u00e1vel \u00e0 reclama\u00e7\u00e3o constitucional ajuizada pelo MPMG no Supremo Tribunal Federal (STF) e provida pelo Ministro Fl\u00e1vio <a><\/a>Dino.<\/p>\n\n\n\n<p>De acordo com os autos, o crime ocorreu em 07 de novembro de 2020, no distrito de Alegre, durante uma discuss\u00e3o em um bar. O r\u00e9u, ap\u00f3s deixar o local, retornou armado e efetuou disparos que resultaram na morte de uma v\u00edtima e na les\u00e3o de outra pessoa.<\/p>\n\n\n\n<p>O homic\u00eddio foi qualificado por motivo f\u00fatil, perigo comum pelo uso de arma de fogo em local fechado e recurso que dificultou a defesa da v\u00edtima, atingida pelas costas. O r\u00e9u foi condenado pela 1\u00aa Vara C\u00edvel, Criminal e de Execu\u00e7\u00f5es Penais da Comarca de Inhapim\/MG a 25 anos, 11 meses e 6 dias de reclus\u00e3o, al\u00e9m de 3 meses e 4 dias de deten\u00e7\u00e3o.<\/p>\n\n\n\n<p>Apesar da condena\u00e7\u00e3o, a pris\u00e3o preventiva foi revogada ap\u00f3s concess\u00e3o de habeas corpus, permitindo que o condenado recorresse em liberdade. O MPMG recorreu ao STF, alegando que o Tribunal de Justi\u00e7a de Minas Gerais afastou indevidamente a aplica\u00e7\u00e3o do artigo 492, I, &#8220;e&#8221;, do C\u00f3digo de Processo Penal, que determina a execu\u00e7\u00e3o provis\u00f3ria da pena para condena\u00e7\u00f5es superiores a 15 anos.<\/p>\n\n\n\n<p>O STF acatou a argumenta\u00e7\u00e3o do MPMG e determinou a imediata execu\u00e7\u00e3o da pena, cassando a decis\u00e3o anterior.<\/p>\n\n\n\n<p>O Promotor de Justi\u00e7a Jonas Junio Linhares Costa Monteiro destacou que a decis\u00e3o refor\u00e7a a soberania do Tribunal do J\u00fari e assegura a efetividade da justi\u00e7a, garantindo que condenados por crimes graves n\u00e3o permane\u00e7am soltos ap\u00f3s decis\u00e3o dos jurados.<\/p>\n","protected":false},"excerpt":{"rendered":"<p>O Minist\u00e9rio P\u00fablico de Minas Gerais (MPMG), por meio da 2\u00aa Promotoria de Justi\u00e7a de Inhapim\/MG, anunciou a pris\u00e3o de um homem condenado por homic\u00eddio qualificado. A pris\u00e3o ocorreu em Belo Oriente\/MG, nesta quinta-feira (06\/02), ap\u00f3s decis\u00e3o favor\u00e1vel \u00e0 reclama\u00e7\u00e3o constitucional ajuizada pelo MPMG no Supremo Tribunal Federal (STF) e provida pelo Ministro Fl\u00e1vio Dino. [&hellip;]<\/p>\n","protected":false},"author":2,"featured_media":3955,"comment_status":"open","ping_status":"open","sticky":false,"template":"","format":"standard","meta":{"footnotes":""},"categories":[5],"tags":[],"class_list":["post-3954","post","type-post","status-publish","format-standard","has-post-thumbnail","hentry","category-noticias"],"wpmagazine_modules_lite_featured_media_urls":{"thumbnail":["https:\/\/radioclubedeinhapim.com.br\/wp-content\/uploads\/2025\/02\/Copia-de-Inserir-um-subtitulo-2025-02-07T102943.721-150x150.jpg",150,150,true],"cvmm-medium":["https:\/\/radioclubedeinhapim.com.br\/wp-content\/uploads\/2025\/02\/Copia-de-Inserir-um-subtitulo-2025-02-07T102943.721-300x300.jpg",300,300,true],"cvmm-medium-plus":["https:\/\/radioclubedeinhapim.com.br\/wp-content\/uploads\/2025\/02\/Copia-de-Inserir-um-subtitulo-2025-02-07T102943.721-305x207.jpg",305,207,true],"cvmm-portrait":["https:\/\/radioclubedeinhapim.com.br\/wp-content\/uploads\/2025\/02\/Copia-de-Inserir-um-subtitulo-2025-02-07T102943.721-400x600.jpg",400,600,true],"cvmm-medium-square":["https:\/\/radioclubedeinhapim.com.br\/wp-content\/uploads\/2025\/02\/Copia-de-Inserir-um-subtitulo-2025-02-07T102943.721-600x600.jpg",600,600,true],"cvmm-large":["https:\/\/radioclubedeinhapim.com.br\/wp-content\/uploads\/2025\/02\/Copia-de-Inserir-um-subtitulo-2025-02-07T102943.721-1024x1024.jpg",1024,1024,true],"cvmm-small":["https:\/\/radioclubedeinhapim.com.br\/wp-content\/uploads\/2025\/02\/Copia-de-Inserir-um-subtitulo-2025-02-07T102943.721-130x95.jpg",130,95,true],"full":["https:\/\/radioclubedeinhapim.com.br\/wp-content\/uploads\/2025\/02\/Copia-de-Inserir-um-subtitulo-2025-02-07T102943.721.jpg",1080,1080,false]},"categories_names":{"5":{"name":"Not\u00edcias","link":"https:\/\/radioclubedeinhapim.com.br\/index.php\/category\/noticias\/"}},"tags_names":[],"comments_number":"0","_links":{"self":[{"href":"https:\/\/radioclubedeinhapim.com.br\/index.php\/wp-json\/wp\/v2\/posts\/3954","targetHints":{"allow":["GET"]}}],"collection":[{"href":"https:\/\/radioclubedeinhapim.com.br\/index.php\/wp-json\/wp\/v2\/posts"}],"about":[{"href":"https:\/\/radioclubedeinhapim.com.br\/index.php\/wp-json\/wp\/v2\/types\/post"}],"author":[{"embeddable":true,"href":"https:\/\/radioclubedeinhapim.com.br\/index.php\/wp-json\/wp\/v2\/users\/2"}],"replies":[{"embeddable":true,"href":"https:\/\/radioclubedeinhapim.com.br\/index.php\/wp-json\/wp\/v2\/comments?post=3954"}],"version-history":[{"count":1,"href":"https:\/\/radioclubedeinhapim.com.br\/index.php\/wp-json\/wp\/v2\/posts\/3954\/revisions"}],"predecessor-version":[{"id":3956,"href":"https:\/\/radioclubedeinhapim.com.br\/index.php\/wp-json\/wp\/v2\/posts\/3954\/revisions\/3956"}],"wp:featuredmedia":[{"embeddable":true,"href":"https:\/\/radioclubedeinhapim.com.br\/index.php\/wp-json\/wp\/v2\/media\/3955"}],"wp:attachment":[{"href":"https:\/\/radioclubedeinhapim.com.br\/index.php\/wp-json\/wp\/v2\/media?parent=3954"}],"wp:term":[{"taxonomy":"category","embeddable":true,"href":"https:\/\/radioclubedeinhapim.com.br\/index.php\/wp-json\/wp\/v2\/categories?post=3954"},{"taxonomy":"post_tag","embeddable":true,"href":"https:\/\/radioclubedeinhapim.com.br\/index.php\/wp-json\/wp\/v2\/tags?post=3954"}],"curies":[{"name":"wp","href":"https:\/\/api.w.org\/{rel}","templated":true}]}}