{"id":3986,"date":"2025-02-11T11:51:17","date_gmt":"2025-02-11T14:51:17","guid":{"rendered":"https:\/\/radioclubedeinhapim.com.br\/?p=3986"},"modified":"2025-02-11T11:51:17","modified_gmt":"2025-02-11T14:51:17","slug":"motociclista-realiza-manobras-perigosas-causa-acidente-e-e-preso-em-flagrante","status":"publish","type":"post","link":"https:\/\/radioclubedeinhapim.com.br\/index.php\/2025\/02\/11\/motociclista-realiza-manobras-perigosas-causa-acidente-e-e-preso-em-flagrante\/","title":{"rendered":"Motociclista realiza manobras perigosas, causa acidente e \u00e9 preso em flagrante"},"content":{"rendered":"\n<p>Um jovem, de 21 anos, foi preso na noite deste domingo (9) em Governador Valadares, ap\u00f3s realizar manobras perigosas e causar um acidente durante uma persegui\u00e7\u00e3o policial em uma avenida movimentada da cidade.<\/p>\n\n\n\n<p>De acordo com a Pol\u00edcia Militar, ele conduzia uma moto sem placa de identifica\u00e7\u00e3o e sem alguns itens obrigat\u00f3rios de seguran\u00e7a. Durante o patrulhamento, o motociclista passou pelos agentes e <a><\/a>come\u00e7ou a realizar manobras arriscadas, deslizando e arrastando os pneus. Ao receber ordem de parada, ignorou a sinaliza\u00e7\u00e3o e iniciou uma fuga em alta velocidade.<\/p>\n\n\n\n<p>A persegui\u00e7\u00e3o durou cerca de oito minutos e passou por v\u00e1rios bairros, com o suspeito avan\u00e7ando sem\u00e1foros, transitando pela ciclovia e colocando pedestres e ciclistas em risco. A fuga s\u00f3 terminou quando ele colidiu violentamente com outro motociclista, arremessando ambos ao solo.<\/p>\n\n\n\n<p>Os dois envolvidos foram socorridos por equipes de resgate e encaminhados ao hospital com ferimentos. Segundo testemunhas, o jovem havia comentado no bairro onde mora e em redes sociais que sairia sem a placa da moto para desafiar a pol\u00edcia e cometer infra\u00e7\u00f5es sem ser identificado.<\/p>\n\n\n\n<p>Ele foi preso em flagrante pelos crimes de dire\u00e7\u00e3o perigosa, dirigir sem habilita\u00e7\u00e3o, les\u00e3o corporal e adultera\u00e7\u00e3o de sinais identificadores do ve\u00edculo. A moto foi apreendida e removida para um p\u00e1tio credenciado. Se condenado, o suspeito pode pegar at\u00e9 nove anos de pris\u00e3o.<\/p>\n\n\n\n<p><a href=\"https:\/\/www.facebook.com\/photo\/?fbid=1446922192973483&amp;set=a.814962612836114&amp;__cft__[0]=AZVy-sWXX7ri-cUx3WCPK2DnW_qAGX71ttZyifVCxzU53ERxjEw3aH5KX52SyGe5HqVUqaRAHQ8smRmPvkBqODMmMk7_NaJga2oXFcxHT6V3MLwfvhZt44H0rRT18xX9y9jag4-vJFpxhWENVjVBpr06o9I1k-mVfdORFm7VEh3-VTucp1wsOPoliWDvw_dCDzs&amp;__tn__=EH-R\"><\/a><\/p>\n\n\n\n<figure class=\"wp-block-image\"><a href=\"https:\/\/www.facebook.com\/photo\/?fbid=1446922192973483&amp;set=a.814962612836114&amp;__cft__[0]=AZVy-sWXX7ri-cUx3WCPK2DnW_qAGX71ttZyifVCxzU53ERxjEw3aH5KX52SyGe5HqVUqaRAHQ8smRmPvkBqODMmMk7_NaJga2oXFcxHT6V3MLwfvhZt44H0rRT18xX9y9jag4-vJFpxhWENVjVBpr06o9I1k-mVfdORFm7VEh3-VTucp1wsOPoliWDvw_dCDzs&amp;__tn__=EH-R\"><img decoding=\"async\" src=\"https:\/\/scontent.fgvr3-1.fna.fbcdn.net\/v\/t39.30808-6\/479181541_1446922199640149_6931488059308258779_n.jpg?stp=dst-jpg_p526x296_tt6&amp;_nc_cat=107&amp;ccb=1-7&amp;_nc_sid=127cfc&amp;_nc_ohc=8E-zuLlrZUsQ7kNvgHY2W-A&amp;_nc_zt=23&amp;_nc_ht=scontent.fgvr3-1.fna&amp;_nc_gid=AH7uQ3HTXGFYN7gqeFTITwV&amp;oh=00_AYCj38Hp7bATB1e3bsrv3Q5Ce8uOuOEwDx_KyaoyySOz9w&amp;oe=67B12BCE\" alt=\"Pode ser uma imagem de 4 pessoas, motocicleta e texto que diz &quot;MOTOCICLISTA REALIZA MANOBRAS PERIGOSAS, CAUSA ACIDENTE E \u00c9 PRESO EM FLAGRANTE \u7fbd\u5712 MAGEM REPRODU\u00c7\u00c3O\/DIVULGA\u00c7\u00c3O IMAGLNE.REPRODU\u00c7AO\/DIVUEGA\u00c7\u00c3O EPRODU\u00c7\u00c3O\/D Cclube\u00ae C r\u00e1dio&quot;\"\/><\/a><\/figure>\n\n\n\n<p>Ver insights<\/p>\n\n\n\n<p>Turbinar um post<\/p>\n\n\n\n\n\n<p>Todas as rea\u00e7\u00f5es:<\/p>\n\n\n\n<p>1111<\/p>\n","protected":false},"excerpt":{"rendered":"<p>Um jovem, de 21 anos, foi preso na noite deste domingo (9) em Governador Valadares, ap\u00f3s realizar manobras perigosas e causar um acidente durante uma persegui\u00e7\u00e3o policial em uma avenida movimentada da cidade. De acordo com a Pol\u00edcia Militar, ele conduzia uma moto sem placa de identifica\u00e7\u00e3o e sem alguns itens obrigat\u00f3rios de seguran\u00e7a. Durante [&hellip;]<\/p>\n","protected":false},"author":2,"featured_media":3987,"comment_status":"open","ping_status":"open","sticky":false,"template":"","format":"standard","meta":{"footnotes":""},"categories":[5],"tags":[],"class_list":["post-3986","post","type-post","status-publish","format-standard","has-post-thumbnail","hentry","category-noticias"],"wpmagazine_modules_lite_featured_media_urls":{"thumbnail":["https:\/\/radioclubedeinhapim.com.br\/wp-content\/uploads\/2025\/02\/Copia-de-Inserir-um-subtitulo-2025-02-11T081856.911-150x150.jpg",150,150,true],"cvmm-medium":["https:\/\/radioclubedeinhapim.com.br\/wp-content\/uploads\/2025\/02\/Copia-de-Inserir-um-subtitulo-2025-02-11T081856.911-300x300.jpg",300,300,true],"cvmm-medium-plus":["https:\/\/radioclubedeinhapim.com.br\/wp-content\/uploads\/2025\/02\/Copia-de-Inserir-um-subtitulo-2025-02-11T081856.911-305x207.jpg",305,207,true],"cvmm-portrait":["https:\/\/radioclubedeinhapim.com.br\/wp-content\/uploads\/2025\/02\/Copia-de-Inserir-um-subtitulo-2025-02-11T081856.911-400x600.jpg",400,600,true],"cvmm-medium-square":["https:\/\/radioclubedeinhapim.com.br\/wp-content\/uploads\/2025\/02\/Copia-de-Inserir-um-subtitulo-2025-02-11T081856.911-600x600.jpg",600,600,true],"cvmm-large":["https:\/\/radioclubedeinhapim.com.br\/wp-content\/uploads\/2025\/02\/Copia-de-Inserir-um-subtitulo-2025-02-11T081856.911-1024x1024.jpg",1024,1024,true],"cvmm-small":["https:\/\/radioclubedeinhapim.com.br\/wp-content\/uploads\/2025\/02\/Copia-de-Inserir-um-subtitulo-2025-02-11T081856.911-130x95.jpg",130,95,true],"full":["https:\/\/radioclubedeinhapim.com.br\/wp-content\/uploads\/2025\/02\/Copia-de-Inserir-um-subtitulo-2025-02-11T081856.911.jpg",1080,1080,false]},"categories_names":{"5":{"name":"Not\u00edcias","link":"https:\/\/radioclubedeinhapim.com.br\/index.php\/category\/noticias\/"}},"tags_names":[],"comments_number":"0","_links":{"self":[{"href":"https:\/\/radioclubedeinhapim.com.br\/index.php\/wp-json\/wp\/v2\/posts\/3986","targetHints":{"allow":["GET"]}}],"collection":[{"href":"https:\/\/radioclubedeinhapim.com.br\/index.php\/wp-json\/wp\/v2\/posts"}],"about":[{"href":"https:\/\/radioclubedeinhapim.com.br\/index.php\/wp-json\/wp\/v2\/types\/post"}],"author":[{"embeddable":true,"href":"https:\/\/radioclubedeinhapim.com.br\/index.php\/wp-json\/wp\/v2\/users\/2"}],"replies":[{"embeddable":true,"href":"https:\/\/radioclubedeinhapim.com.br\/index.php\/wp-json\/wp\/v2\/comments?post=3986"}],"version-history":[{"count":1,"href":"https:\/\/radioclubedeinhapim.com.br\/index.php\/wp-json\/wp\/v2\/posts\/3986\/revisions"}],"predecessor-version":[{"id":3988,"href":"https:\/\/radioclubedeinhapim.com.br\/index.php\/wp-json\/wp\/v2\/posts\/3986\/revisions\/3988"}],"wp:featuredmedia":[{"embeddable":true,"href":"https:\/\/radioclubedeinhapim.com.br\/index.php\/wp-json\/wp\/v2\/media\/3987"}],"wp:attachment":[{"href":"https:\/\/radioclubedeinhapim.com.br\/index.php\/wp-json\/wp\/v2\/media?parent=3986"}],"wp:term":[{"taxonomy":"category","embeddable":true,"href":"https:\/\/radioclubedeinhapim.com.br\/index.php\/wp-json\/wp\/v2\/categories?post=3986"},{"taxonomy":"post_tag","embeddable":true,"href":"https:\/\/radioclubedeinhapim.com.br\/index.php\/wp-json\/wp\/v2\/tags?post=3986"}],"curies":[{"name":"wp","href":"https:\/\/api.w.org\/{rel}","templated":true}]}}