{"id":4037,"date":"2025-02-13T08:39:25","date_gmt":"2025-02-13T11:39:25","guid":{"rendered":"https:\/\/radioclubedeinhapim.com.br\/?p=4037"},"modified":"2025-02-13T08:39:25","modified_gmt":"2025-02-13T11:39:25","slug":"um-mes-apos-tragedia-vale-do-aco-ainda-lida-com-os-impactos-de-deslizamentos-que-mataram-11-pessoas","status":"publish","type":"post","link":"https:\/\/radioclubedeinhapim.com.br\/index.php\/2025\/02\/13\/um-mes-apos-tragedia-vale-do-aco-ainda-lida-com-os-impactos-de-deslizamentos-que-mataram-11-pessoas\/","title":{"rendered":"Um m\u00eas ap\u00f3s trag\u00e9dia, Vale do A\u00e7o ainda lida com os impactos de deslizamentos que mataram 11 pessoas"},"content":{"rendered":"\n<p>H\u00e1 um m\u00eas, no dia 12 de janeiro deste ano, chuvas intensas causaram deslizamentos de terra e enxurradas no Vale do A\u00e7o. O desastre deixou 11 mortos \u2014 10 em Ipatinga e um em Santana do Para\u00edso. Entre as v\u00edtimas, cinco eram da mesma fam\u00edlia, que morreu soterrada no bairro Beth\u00e2nia.<\/p>\n\n\n\n<p>O temporal tamb\u00e9m causou danos materiais significativos. A lama invadiu casas, com\u00e9rcios e vias p\u00fablicas, interditando dezenas de ruas. O est\u00e1dio Ipating\u00e3o foi transformado em abrigo para receber desabrigados. A cidade decretou situa\u00e7\u00e3o de calamidade p\u00fablica.<\/p>\n\n\n\n<p>Nesta quarta-feira (12), a prefeitura de Ipatinga divulgou um balan\u00e7o dos trabalhos de limpeza e recupera\u00e7\u00e3o. At\u00e9 o momento, foram recolhidas 18 mil toneladas de entulhos, e 66 vias foram atendidas. Mais de 900 trabalhadores, entre servidores municipais e volunt\u00e1rios, est\u00e3o envolvidos nas a\u00e7\u00f5es.<\/p>\n\n\n\n<p>A Defesa Civil continua vistoriando \u00e1reas interditadas para avaliar a seguran\u00e7a do retorno dos moradores. O balan\u00e7o aponta ainda que 1.590 pessoas permanecem desalojadas, e 64 est\u00e3o desabrigadas.<\/p>\n\n\n\n<p>O secret\u00e1rio municipal de Servi\u00e7os Urbanos e Meio Ambiente, Reginaldo Soares, disse que o trabalho de limpeza ainda est\u00e1 longe de terminar. Muitas resid\u00eancias ainda acumulam lama e detritos, e algumas casas precisar\u00e3o ser demolidas por risco estrutural.<\/p>\n\n\n\n<p>A trag\u00e9dia mobilizou a comunidade e cidades vizinhas. Doa\u00e7\u00f5es e volunt\u00e1rios ajudaram a apoiar os afetados, enquanto a prefeitura recebeu aux\u00edlio de munic\u00edpios como Coronel Fabriciano, que enviou m\u00e1quinas e caminh\u00f5es para a limpeza.<\/p>\n\n\n\n<p>A prefeitura refor\u00e7ou tamb\u00e9m que os trabalhos de limpeza e reconstru\u00e7\u00e3o continuar\u00e3o nos pr\u00f3ximos meses, com o objetivo de garantir que os moradores possam retornar \u00e0s suas casas com seguran\u00e7a.<\/p>\n","protected":false},"excerpt":{"rendered":"<p>H\u00e1 um m\u00eas, no dia 12 de janeiro deste ano, chuvas intensas causaram deslizamentos de terra e enxurradas no Vale do A\u00e7o. O desastre deixou 11 mortos \u2014 10 em Ipatinga e um em Santana do Para\u00edso. Entre as v\u00edtimas, cinco eram da mesma fam\u00edlia, que morreu soterrada no bairro Beth\u00e2nia. O temporal tamb\u00e9m causou [&hellip;]<\/p>\n","protected":false},"author":2,"featured_media":4038,"comment_status":"open","ping_status":"open","sticky":false,"template":"","format":"standard","meta":{"footnotes":""},"categories":[5],"tags":[],"class_list":["post-4037","post","type-post","status-publish","format-standard","has-post-thumbnail","hentry","category-noticias"],"wpmagazine_modules_lite_featured_media_urls":{"thumbnail":["https:\/\/radioclubedeinhapim.com.br\/wp-content\/uploads\/2025\/02\/Copia-de-Inserir-um-subtitulo-2025-02-13T083605.187-150x150.jpg",150,150,true],"cvmm-medium":["https:\/\/radioclubedeinhapim.com.br\/wp-content\/uploads\/2025\/02\/Copia-de-Inserir-um-subtitulo-2025-02-13T083605.187-300x300.jpg",300,300,true],"cvmm-medium-plus":["https:\/\/radioclubedeinhapim.com.br\/wp-content\/uploads\/2025\/02\/Copia-de-Inserir-um-subtitulo-2025-02-13T083605.187-305x207.jpg",305,207,true],"cvmm-portrait":["https:\/\/radioclubedeinhapim.com.br\/wp-content\/uploads\/2025\/02\/Copia-de-Inserir-um-subtitulo-2025-02-13T083605.187-400x600.jpg",400,600,true],"cvmm-medium-square":["https:\/\/radioclubedeinhapim.com.br\/wp-content\/uploads\/2025\/02\/Copia-de-Inserir-um-subtitulo-2025-02-13T083605.187-600x600.jpg",600,600,true],"cvmm-large":["https:\/\/radioclubedeinhapim.com.br\/wp-content\/uploads\/2025\/02\/Copia-de-Inserir-um-subtitulo-2025-02-13T083605.187-1024x1024.jpg",1024,1024,true],"cvmm-small":["https:\/\/radioclubedeinhapim.com.br\/wp-content\/uploads\/2025\/02\/Copia-de-Inserir-um-subtitulo-2025-02-13T083605.187-130x95.jpg",130,95,true],"full":["https:\/\/radioclubedeinhapim.com.br\/wp-content\/uploads\/2025\/02\/Copia-de-Inserir-um-subtitulo-2025-02-13T083605.187.jpg",1080,1080,false]},"categories_names":{"5":{"name":"Not\u00edcias","link":"https:\/\/radioclubedeinhapim.com.br\/index.php\/category\/noticias\/"}},"tags_names":[],"comments_number":"0","_links":{"self":[{"href":"https:\/\/radioclubedeinhapim.com.br\/index.php\/wp-json\/wp\/v2\/posts\/4037","targetHints":{"allow":["GET"]}}],"collection":[{"href":"https:\/\/radioclubedeinhapim.com.br\/index.php\/wp-json\/wp\/v2\/posts"}],"about":[{"href":"https:\/\/radioclubedeinhapim.com.br\/index.php\/wp-json\/wp\/v2\/types\/post"}],"author":[{"embeddable":true,"href":"https:\/\/radioclubedeinhapim.com.br\/index.php\/wp-json\/wp\/v2\/users\/2"}],"replies":[{"embeddable":true,"href":"https:\/\/radioclubedeinhapim.com.br\/index.php\/wp-json\/wp\/v2\/comments?post=4037"}],"version-history":[{"count":1,"href":"https:\/\/radioclubedeinhapim.com.br\/index.php\/wp-json\/wp\/v2\/posts\/4037\/revisions"}],"predecessor-version":[{"id":4039,"href":"https:\/\/radioclubedeinhapim.com.br\/index.php\/wp-json\/wp\/v2\/posts\/4037\/revisions\/4039"}],"wp:featuredmedia":[{"embeddable":true,"href":"https:\/\/radioclubedeinhapim.com.br\/index.php\/wp-json\/wp\/v2\/media\/4038"}],"wp:attachment":[{"href":"https:\/\/radioclubedeinhapim.com.br\/index.php\/wp-json\/wp\/v2\/media?parent=4037"}],"wp:term":[{"taxonomy":"category","embeddable":true,"href":"https:\/\/radioclubedeinhapim.com.br\/index.php\/wp-json\/wp\/v2\/categories?post=4037"},{"taxonomy":"post_tag","embeddable":true,"href":"https:\/\/radioclubedeinhapim.com.br\/index.php\/wp-json\/wp\/v2\/tags?post=4037"}],"curies":[{"name":"wp","href":"https:\/\/api.w.org\/{rel}","templated":true}]}}