{"id":4064,"date":"2025-02-14T09:20:10","date_gmt":"2025-02-14T12:20:10","guid":{"rendered":"https:\/\/radioclubedeinhapim.com.br\/?p=4064"},"modified":"2025-02-14T09:20:10","modified_gmt":"2025-02-14T12:20:10","slug":"em-encontro-em-brasilia-prefeitos-buscam-apoio-contra-mudancas-climaticas","status":"publish","type":"post","link":"https:\/\/radioclubedeinhapim.com.br\/index.php\/2025\/02\/14\/em-encontro-em-brasilia-prefeitos-buscam-apoio-contra-mudancas-climaticas\/","title":{"rendered":"Em encontro em Bras\u00edlia, prefeitos buscam apoio contra mudan\u00e7as clim\u00e1ticas"},"content":{"rendered":"\n<p>No munic\u00edpio de Soure, no Arquip\u00e9lago do Maraj\u00f3 (PA), o prefeito Paulo Victor Silva destaca que as mudan\u00e7as clim\u00e1ticas t\u00eam alterado os padr\u00f5es do clima e das mar\u00e9s, o que antes acontecia de forma previs\u00edvel, como em mar\u00e7o, agora ocorre em meses como setembro, dezembro e janeiro. Ele relata que a popula\u00e7\u00e3o local, que depende do meio ambiente e das atividades nas praias, est\u00e1 enfrentando um aumento de desastres clim\u00e1ticos. O prefeito foi um dos mais de 3,3 mil gestores que participaram de um encontro nacional em Bras\u00edlia, no qual as mudan\u00e7as clim\u00e1ticas e seu impacto nos munic\u00edpios foram temas centrais.<\/p>\n\n\n\n<p>Durante o evento, o ministro Alexandre Padilha, da Secretaria de Rela\u00e7\u00f5es Institucionais (SRI), ressaltou a import\u00e2ncia de capacitar os prefeitos a se mobilizarem em situa\u00e7\u00f5es de crise, como enchentes, por meio da plataforma \u201cPrefeitar\u201d. A din\u00e2mica ensinou como os prefeitos devem organizar a resposta das suas cidades, ativando a Defesa Civil e acionando recursos. Juliana Carneiro, da SRI, explicou a import\u00e2ncia de os gestores entenderem as responsabilidades e procedimentos necess\u00e1rios para declarar situa\u00e7\u00f5es emergenciais.<\/p>\n\n\n\n<p>O encontro tamb\u00e9m enfatizou que a crise clim\u00e1tica n\u00e3o \u00e9 responsabilidade exclusiva do governo federal, mas um problema que se origina nos munic\u00edpios. Ary Vanazzi, da Associa\u00e7\u00e3o Brasileira de Munic\u00edpios, defendeu que cada gestor deve ter consci\u00eancia do impacto clim\u00e1tico em suas cidades e a necessidade de recursos para pol\u00edticas p\u00fablicas de adapta\u00e7\u00e3o.<\/p>\n\n\n\n<p>Prefeitos de cidades pequenas, como Edemark Pinheiro, de Santo Ant\u00f4nio do Jacinto (MG), e Mireli Martins, de Orindi\u00fava (SP), tamb\u00e9m ressaltaram a import\u00e2ncia de se preparar para os desastres clim\u00e1ticos. Martins afirmou que, apesar do tamanho de sua cidade, a prepara\u00e7\u00e3o para esses eventos \u00e9 fundamental, e seu munic\u00edpio at\u00e9 criou uma Defesa Civil, aumentando a equipe para enfrentar os desafios clim\u00e1ticos.<\/p>\n","protected":false},"excerpt":{"rendered":"<p>No munic\u00edpio de Soure, no Arquip\u00e9lago do Maraj\u00f3 (PA), o prefeito Paulo Victor Silva destaca que as mudan\u00e7as clim\u00e1ticas t\u00eam alterado os padr\u00f5es do clima e das mar\u00e9s, o que antes acontecia de forma previs\u00edvel, como em mar\u00e7o, agora ocorre em meses como setembro, dezembro e janeiro. Ele relata que a popula\u00e7\u00e3o local, que depende [&hellip;]<\/p>\n","protected":false},"author":2,"featured_media":4065,"comment_status":"open","ping_status":"open","sticky":false,"template":"","format":"standard","meta":{"footnotes":""},"categories":[5],"tags":[],"class_list":["post-4064","post","type-post","status-publish","format-standard","has-post-thumbnail","hentry","category-noticias"],"wpmagazine_modules_lite_featured_media_urls":{"thumbnail":["https:\/\/radioclubedeinhapim.com.br\/wp-content\/uploads\/2025\/02\/Copia-de-Inserir-um-subtitulo-2-2-150x150.jpg",150,150,true],"cvmm-medium":["https:\/\/radioclubedeinhapim.com.br\/wp-content\/uploads\/2025\/02\/Copia-de-Inserir-um-subtitulo-2-2-300x300.jpg",300,300,true],"cvmm-medium-plus":["https:\/\/radioclubedeinhapim.com.br\/wp-content\/uploads\/2025\/02\/Copia-de-Inserir-um-subtitulo-2-2-305x207.jpg",305,207,true],"cvmm-portrait":["https:\/\/radioclubedeinhapim.com.br\/wp-content\/uploads\/2025\/02\/Copia-de-Inserir-um-subtitulo-2-2-400x600.jpg",400,600,true],"cvmm-medium-square":["https:\/\/radioclubedeinhapim.com.br\/wp-content\/uploads\/2025\/02\/Copia-de-Inserir-um-subtitulo-2-2-600x600.jpg",600,600,true],"cvmm-large":["https:\/\/radioclubedeinhapim.com.br\/wp-content\/uploads\/2025\/02\/Copia-de-Inserir-um-subtitulo-2-2-1024x1024.jpg",1024,1024,true],"cvmm-small":["https:\/\/radioclubedeinhapim.com.br\/wp-content\/uploads\/2025\/02\/Copia-de-Inserir-um-subtitulo-2-2-130x95.jpg",130,95,true],"full":["https:\/\/radioclubedeinhapim.com.br\/wp-content\/uploads\/2025\/02\/Copia-de-Inserir-um-subtitulo-2-2.jpg",1080,1080,false]},"categories_names":{"5":{"name":"Not\u00edcias","link":"https:\/\/radioclubedeinhapim.com.br\/index.php\/category\/noticias\/"}},"tags_names":[],"comments_number":"0","_links":{"self":[{"href":"https:\/\/radioclubedeinhapim.com.br\/index.php\/wp-json\/wp\/v2\/posts\/4064","targetHints":{"allow":["GET"]}}],"collection":[{"href":"https:\/\/radioclubedeinhapim.com.br\/index.php\/wp-json\/wp\/v2\/posts"}],"about":[{"href":"https:\/\/radioclubedeinhapim.com.br\/index.php\/wp-json\/wp\/v2\/types\/post"}],"author":[{"embeddable":true,"href":"https:\/\/radioclubedeinhapim.com.br\/index.php\/wp-json\/wp\/v2\/users\/2"}],"replies":[{"embeddable":true,"href":"https:\/\/radioclubedeinhapim.com.br\/index.php\/wp-json\/wp\/v2\/comments?post=4064"}],"version-history":[{"count":1,"href":"https:\/\/radioclubedeinhapim.com.br\/index.php\/wp-json\/wp\/v2\/posts\/4064\/revisions"}],"predecessor-version":[{"id":4066,"href":"https:\/\/radioclubedeinhapim.com.br\/index.php\/wp-json\/wp\/v2\/posts\/4064\/revisions\/4066"}],"wp:featuredmedia":[{"embeddable":true,"href":"https:\/\/radioclubedeinhapim.com.br\/index.php\/wp-json\/wp\/v2\/media\/4065"}],"wp:attachment":[{"href":"https:\/\/radioclubedeinhapim.com.br\/index.php\/wp-json\/wp\/v2\/media?parent=4064"}],"wp:term":[{"taxonomy":"category","embeddable":true,"href":"https:\/\/radioclubedeinhapim.com.br\/index.php\/wp-json\/wp\/v2\/categories?post=4064"},{"taxonomy":"post_tag","embeddable":true,"href":"https:\/\/radioclubedeinhapim.com.br\/index.php\/wp-json\/wp\/v2\/tags?post=4064"}],"curies":[{"name":"wp","href":"https:\/\/api.w.org\/{rel}","templated":true}]}}