{"id":4104,"date":"2025-02-17T15:44:18","date_gmt":"2025-02-17T18:44:18","guid":{"rendered":"https:\/\/radioclubedeinhapim.com.br\/?p=4104"},"modified":"2025-02-17T15:44:18","modified_gmt":"2025-02-17T18:44:18","slug":"familia-de-sao-jose-do-batatal-busca-por-vanderli-desaparecido-em-aparecida-do-norte","status":"publish","type":"post","link":"https:\/\/radioclubedeinhapim.com.br\/index.php\/2025\/02\/17\/familia-de-sao-jose-do-batatal-busca-por-vanderli-desaparecido-em-aparecida-do-norte\/","title":{"rendered":"Fam\u00edlia de S\u00e3o Jos\u00e9 do Batatal busca por Vanderli, desaparecido em Aparecida do Norte"},"content":{"rendered":"\n<p>A fam\u00edlia e amigos de Vanderli, morador de S\u00e3o Jos\u00e9 do Batatal, distrito de Ubaporanga (MG), est\u00e3o mobilizados em sua busca ap\u00f3s seu desaparecimento em Aparecida do Norte (SP) na \u00faltima sexta-feira, 14 de fevereiro.<\/p>\n\n\n\n<p>Vanderli viajou para a cidade com uma excurs\u00e3o religiosa, mas n\u00e3o retornou ao \u00f4nibus no hor\u00e1rio combinado para a volta. Desde ent\u00e3o, n\u00e3o foi mais visto. Segundo relatos, ele tem <a><\/a>dificuldades para se comunicar e enfrenta alguns problemas mentais. Na comunidade de Batatal, ele \u00e9 conhecido como um homem humilde e trabalhador, com muitos amigos e uma vida est\u00e1vel.<\/p>\n\n\n\n<p>Quatro pessoas permaneceram em Aparecida do Norte para ajudar nas buscas. Eles j\u00e1 percorreram hospitais, delegacias e outros pontos da cidade, mas at\u00e9 o momento n\u00e3o obtiveram sucesso em encontrar Vanderli. A fam\u00edlia pede que qualquer informa\u00e7\u00e3o sobre seu paradeiro seja repassada \u00e0s autoridades locais.<\/p>\n\n\n\n<p>Quem tiver informa\u00e7\u00f5es pode entrar em contato com a pol\u00edcia atrav\u00e9s do 190 ou com os familiares atrav\u00e9s do telefone 33 9 9842-9487, que seguem na cidade auxiliando nas buscas.<\/p>\n","protected":false},"excerpt":{"rendered":"<p>A fam\u00edlia e amigos de Vanderli, morador de S\u00e3o Jos\u00e9 do Batatal, distrito de Ubaporanga (MG), est\u00e3o mobilizados em sua busca ap\u00f3s seu desaparecimento em Aparecida do Norte (SP) na \u00faltima sexta-feira, 14 de fevereiro. Vanderli viajou para a cidade com uma excurs\u00e3o religiosa, mas n\u00e3o retornou ao \u00f4nibus no hor\u00e1rio combinado para a volta. [&hellip;]<\/p>\n","protected":false},"author":2,"featured_media":4105,"comment_status":"open","ping_status":"open","sticky":false,"template":"","format":"standard","meta":{"footnotes":""},"categories":[5],"tags":[],"class_list":["post-4104","post","type-post","status-publish","format-standard","has-post-thumbnail","hentry","category-noticias"],"wpmagazine_modules_lite_featured_media_urls":{"thumbnail":["https:\/\/radioclubedeinhapim.com.br\/wp-content\/uploads\/2025\/02\/Copia-de-Inserir-um-subtitulo-2025-02-17T110423.364-150x150.jpg",150,150,true],"cvmm-medium":["https:\/\/radioclubedeinhapim.com.br\/wp-content\/uploads\/2025\/02\/Copia-de-Inserir-um-subtitulo-2025-02-17T110423.364-300x300.jpg",300,300,true],"cvmm-medium-plus":["https:\/\/radioclubedeinhapim.com.br\/wp-content\/uploads\/2025\/02\/Copia-de-Inserir-um-subtitulo-2025-02-17T110423.364-305x207.jpg",305,207,true],"cvmm-portrait":["https:\/\/radioclubedeinhapim.com.br\/wp-content\/uploads\/2025\/02\/Copia-de-Inserir-um-subtitulo-2025-02-17T110423.364-400x600.jpg",400,600,true],"cvmm-medium-square":["https:\/\/radioclubedeinhapim.com.br\/wp-content\/uploads\/2025\/02\/Copia-de-Inserir-um-subtitulo-2025-02-17T110423.364-600x600.jpg",600,600,true],"cvmm-large":["https:\/\/radioclubedeinhapim.com.br\/wp-content\/uploads\/2025\/02\/Copia-de-Inserir-um-subtitulo-2025-02-17T110423.364-1024x1024.jpg",1024,1024,true],"cvmm-small":["https:\/\/radioclubedeinhapim.com.br\/wp-content\/uploads\/2025\/02\/Copia-de-Inserir-um-subtitulo-2025-02-17T110423.364-130x95.jpg",130,95,true],"full":["https:\/\/radioclubedeinhapim.com.br\/wp-content\/uploads\/2025\/02\/Copia-de-Inserir-um-subtitulo-2025-02-17T110423.364.jpg",1080,1080,false]},"categories_names":{"5":{"name":"Not\u00edcias","link":"https:\/\/radioclubedeinhapim.com.br\/index.php\/category\/noticias\/"}},"tags_names":[],"comments_number":"0","_links":{"self":[{"href":"https:\/\/radioclubedeinhapim.com.br\/index.php\/wp-json\/wp\/v2\/posts\/4104","targetHints":{"allow":["GET"]}}],"collection":[{"href":"https:\/\/radioclubedeinhapim.com.br\/index.php\/wp-json\/wp\/v2\/posts"}],"about":[{"href":"https:\/\/radioclubedeinhapim.com.br\/index.php\/wp-json\/wp\/v2\/types\/post"}],"author":[{"embeddable":true,"href":"https:\/\/radioclubedeinhapim.com.br\/index.php\/wp-json\/wp\/v2\/users\/2"}],"replies":[{"embeddable":true,"href":"https:\/\/radioclubedeinhapim.com.br\/index.php\/wp-json\/wp\/v2\/comments?post=4104"}],"version-history":[{"count":1,"href":"https:\/\/radioclubedeinhapim.com.br\/index.php\/wp-json\/wp\/v2\/posts\/4104\/revisions"}],"predecessor-version":[{"id":4106,"href":"https:\/\/radioclubedeinhapim.com.br\/index.php\/wp-json\/wp\/v2\/posts\/4104\/revisions\/4106"}],"wp:featuredmedia":[{"embeddable":true,"href":"https:\/\/radioclubedeinhapim.com.br\/index.php\/wp-json\/wp\/v2\/media\/4105"}],"wp:attachment":[{"href":"https:\/\/radioclubedeinhapim.com.br\/index.php\/wp-json\/wp\/v2\/media?parent=4104"}],"wp:term":[{"taxonomy":"category","embeddable":true,"href":"https:\/\/radioclubedeinhapim.com.br\/index.php\/wp-json\/wp\/v2\/categories?post=4104"},{"taxonomy":"post_tag","embeddable":true,"href":"https:\/\/radioclubedeinhapim.com.br\/index.php\/wp-json\/wp\/v2\/tags?post=4104"}],"curies":[{"name":"wp","href":"https:\/\/api.w.org\/{rel}","templated":true}]}}