{"id":4210,"date":"2025-02-25T11:51:30","date_gmt":"2025-02-25T14:51:30","guid":{"rendered":"https:\/\/radioclubedeinhapim.com.br\/?p=4210"},"modified":"2025-02-25T11:51:30","modified_gmt":"2025-02-25T14:51:30","slug":"advogado-de-manhuacu-morre-em-grave-acidente-na-br-381","status":"publish","type":"post","link":"https:\/\/radioclubedeinhapim.com.br\/index.php\/2025\/02\/25\/advogado-de-manhuacu-morre-em-grave-acidente-na-br-381\/","title":{"rendered":"Advogado de Manhua\u00e7u morre em grave acidente na BR-381"},"content":{"rendered":"\n<p>O advogado manhua\u00e7uense J\u00e9sus Batista Sousa Sangi morreu num tr\u00e1gico acidente na regi\u00e3o de Jo\u00e3o Monlevade, na noite desta segunda-feira, 24\/02. Ele tamb\u00e9m era assessor parlamentar dos deputados Leleco e Padre Jo\u00e3o.<\/p>\n\n\n\n<p>Conforme as informa\u00e7\u00f5es do Servi\u00e7o Volunt\u00e1rio de Resgate (SEVOR), o acidente foi no chamado corte de pedras, em Jo\u00e3o Monlevade, no trecho da BR-381, por volta de 19h20.<\/p>\n\n\n\n<p>A <a><\/a>colis\u00e3o envolveu um caminh\u00e3o e um ve\u00edculo de passeio, um Toyota Corolla, que era conduzido pelo advogado J\u00e9sus Sangi, de 32 anos. Infelizmente, ele n\u00e3o resistiu aos ferimentos e morreu no local.<\/p>\n\n\n\n<p>De acordo com as informa\u00e7\u00f5es iniciais, o condutor do caminh\u00e3o fugiu da cena do acidente sem prestar socorro, possivelmente o caminh\u00e3o deve ter rodado na curva, indo em cima a dire\u00e7\u00e3o do ve\u00edculo. Chovia no hor\u00e1rio do acidente. Equipes da per\u00edcia da Pol\u00edcia Civil e da Pol\u00edcia Rodovi\u00e1ria Federal foram acionadas.<\/p>\n\n\n\n<p>A v\u00edtima estava retornando de Belo Horizonte para sua cidade natal, Manhua\u00e7u, quando o acidente aconteceu.<\/p>\n\n\n\n<p>De fam\u00edlia tradicional em Manhua\u00e7u, J\u00e9sus Sangi era advogado e atuava na assessoria do mandato coletivo Juntos para Servir, dos deputados estadual Leleco e federal Padre Jo\u00e3o. Entre outras a\u00e7\u00f5es que participou ativamente, ficou bastante conhecido pelas mobiliza\u00e7\u00f5es e processos em defesa de empresas e moradores do trecho urbano da BR-262, no per\u00edmetro urbano, contra o DNIT.<\/p>\n\n\n\n<p>A not\u00edcia do falecimento do jovem advogado causou muita como\u00e7\u00e3o nas redes sociais e a manifesta\u00e7\u00e3o de pesar de profissionais do Direito e amigos da fam\u00edlia.<\/p>\n\n\n\n<p>O Portal Capara\u00f3 presta sinceras condol\u00eancias aos familiares e amigos neste momento de luto.<\/p>\n","protected":false},"excerpt":{"rendered":"<p>O advogado manhua\u00e7uense J\u00e9sus Batista Sousa Sangi morreu num tr\u00e1gico acidente na regi\u00e3o de Jo\u00e3o Monlevade, na noite desta segunda-feira, 24\/02. Ele tamb\u00e9m era assessor parlamentar dos deputados Leleco e Padre Jo\u00e3o. Conforme as informa\u00e7\u00f5es do Servi\u00e7o Volunt\u00e1rio de Resgate (SEVOR), o acidente foi no chamado corte de pedras, em Jo\u00e3o Monlevade, no trecho da [&hellip;]<\/p>\n","protected":false},"author":2,"featured_media":4211,"comment_status":"open","ping_status":"open","sticky":false,"template":"","format":"standard","meta":{"footnotes":""},"categories":[5],"tags":[],"class_list":["post-4210","post","type-post","status-publish","format-standard","has-post-thumbnail","hentry","category-noticias"],"wpmagazine_modules_lite_featured_media_urls":{"thumbnail":["https:\/\/radioclubedeinhapim.com.br\/wp-content\/uploads\/2025\/02\/Copia-de-Inserir-um-subtitulo-2025-02-25T115107.022-150x150.jpg",150,150,true],"cvmm-medium":["https:\/\/radioclubedeinhapim.com.br\/wp-content\/uploads\/2025\/02\/Copia-de-Inserir-um-subtitulo-2025-02-25T115107.022-300x300.jpg",300,300,true],"cvmm-medium-plus":["https:\/\/radioclubedeinhapim.com.br\/wp-content\/uploads\/2025\/02\/Copia-de-Inserir-um-subtitulo-2025-02-25T115107.022-305x207.jpg",305,207,true],"cvmm-portrait":["https:\/\/radioclubedeinhapim.com.br\/wp-content\/uploads\/2025\/02\/Copia-de-Inserir-um-subtitulo-2025-02-25T115107.022-400x600.jpg",400,600,true],"cvmm-medium-square":["https:\/\/radioclubedeinhapim.com.br\/wp-content\/uploads\/2025\/02\/Copia-de-Inserir-um-subtitulo-2025-02-25T115107.022-600x600.jpg",600,600,true],"cvmm-large":["https:\/\/radioclubedeinhapim.com.br\/wp-content\/uploads\/2025\/02\/Copia-de-Inserir-um-subtitulo-2025-02-25T115107.022-1024x1024.jpg",1024,1024,true],"cvmm-small":["https:\/\/radioclubedeinhapim.com.br\/wp-content\/uploads\/2025\/02\/Copia-de-Inserir-um-subtitulo-2025-02-25T115107.022-130x95.jpg",130,95,true],"full":["https:\/\/radioclubedeinhapim.com.br\/wp-content\/uploads\/2025\/02\/Copia-de-Inserir-um-subtitulo-2025-02-25T115107.022.jpg",1080,1080,false]},"categories_names":{"5":{"name":"Not\u00edcias","link":"https:\/\/radioclubedeinhapim.com.br\/index.php\/category\/noticias\/"}},"tags_names":[],"comments_number":"0","_links":{"self":[{"href":"https:\/\/radioclubedeinhapim.com.br\/index.php\/wp-json\/wp\/v2\/posts\/4210","targetHints":{"allow":["GET"]}}],"collection":[{"href":"https:\/\/radioclubedeinhapim.com.br\/index.php\/wp-json\/wp\/v2\/posts"}],"about":[{"href":"https:\/\/radioclubedeinhapim.com.br\/index.php\/wp-json\/wp\/v2\/types\/post"}],"author":[{"embeddable":true,"href":"https:\/\/radioclubedeinhapim.com.br\/index.php\/wp-json\/wp\/v2\/users\/2"}],"replies":[{"embeddable":true,"href":"https:\/\/radioclubedeinhapim.com.br\/index.php\/wp-json\/wp\/v2\/comments?post=4210"}],"version-history":[{"count":1,"href":"https:\/\/radioclubedeinhapim.com.br\/index.php\/wp-json\/wp\/v2\/posts\/4210\/revisions"}],"predecessor-version":[{"id":4212,"href":"https:\/\/radioclubedeinhapim.com.br\/index.php\/wp-json\/wp\/v2\/posts\/4210\/revisions\/4212"}],"wp:featuredmedia":[{"embeddable":true,"href":"https:\/\/radioclubedeinhapim.com.br\/index.php\/wp-json\/wp\/v2\/media\/4211"}],"wp:attachment":[{"href":"https:\/\/radioclubedeinhapim.com.br\/index.php\/wp-json\/wp\/v2\/media?parent=4210"}],"wp:term":[{"taxonomy":"category","embeddable":true,"href":"https:\/\/radioclubedeinhapim.com.br\/index.php\/wp-json\/wp\/v2\/categories?post=4210"},{"taxonomy":"post_tag","embeddable":true,"href":"https:\/\/radioclubedeinhapim.com.br\/index.php\/wp-json\/wp\/v2\/tags?post=4210"}],"curies":[{"name":"wp","href":"https:\/\/api.w.org\/{rel}","templated":true}]}}