{"id":4213,"date":"2025-02-25T11:51:58","date_gmt":"2025-02-25T14:51:58","guid":{"rendered":"https:\/\/radioclubedeinhapim.com.br\/?p=4213"},"modified":"2025-02-25T11:51:58","modified_gmt":"2025-02-25T14:51:58","slug":"empresario-e-condenado-a-24-anos-de-prisao-por-estupro-de-menor-aprendiz","status":"publish","type":"post","link":"https:\/\/radioclubedeinhapim.com.br\/index.php\/2025\/02\/25\/empresario-e-condenado-a-24-anos-de-prisao-por-estupro-de-menor-aprendiz\/","title":{"rendered":"Empres\u00e1rio \u00e9 condenado a 24 anos de pris\u00e3o por estupro de menor aprendiz"},"content":{"rendered":"\n<p>Um empres\u00e1rio de I\u00fana foi condenado a 24 anos de pris\u00e3o pela pr\u00e1tica de v\u00e1rios delitos de estupro contra a mesma v\u00edtima. De acordo com o Minist\u00e9rio P\u00fablico do Estado do Esp\u00edrito Santo (MPES), a v\u00edtima na \u00e9poca era menor de idade e os delitos ocorreram nas mesmas condi\u00e7\u00f5es de lugar, tempo e com o mesmo modo de execu\u00e7\u00e3o (art. 213, \u00a7 1\u00ba, c.c. o art. 71, do C\u00f3digo Penal). A senten\u00e7a foi divulgada no dia 18 de <a><\/a>fevereiro.<\/p>\n\n\n\n<p>De acordo com o MPES, os crimes ocorreram ao longo dos meses de abril e maio do ano de 2019, quando a v\u00edtima, ent\u00e3o com 14 anos, trabalhava na condi\u00e7\u00e3o de menor aprendiz na loja de eletrodom\u00e9sticos pertencente ao denunciado.<\/p>\n\n\n\n<p>\u201cAp\u00f3s praticar os estupros, todos mediante viol\u00eancia, o denunciado passava a amea\u00e7ar a v\u00edtima, para que n\u00e3o revelasse a ningu\u00e9m o ocorrido\u201d, relata o Minist\u00e9rio P\u00fablico.<\/p>\n\n\n\n<p>Segundo a senten\u00e7a, a v\u00edtima sofreu danos emocionais irrepar\u00e1veis em decorr\u00eancia dos da viol\u00eancia sofrida, conforme atestado em laudos psicol\u00f3gicos, incluindo estresse p\u00f3s-traum\u00e1tico, crises de ansiedade e depress\u00e3o severa, e faleceu precocemente em decorr\u00eancia de um c\u00e2ncer grave.<\/p>\n\n\n\n<p>Segundo o Promotor de Justi\u00e7a de I\u00fana, o crime impactou n\u00e3o s\u00f3 a v\u00edtima, mas toda a sua fam\u00edlia. A repercuss\u00e3o na comunidade foi igualmente grande, considerando que o r\u00e9u era uma pessoa conhecida por todos.<\/p>\n\n\n\n<p>Condena\u00e7\u00e3o<\/p>\n\n\n\n<p>Segundo a senten\u00e7a, ainda houve causas de aumento de pena previstas no artigo 226, II do C\u00f3digo Penal (empregador da v\u00edtima), que aumenta a pena da metade; e no artigo 71, do C\u00f3digo Penal, em decorr\u00eancia da quantidade de repeti\u00e7\u00f5es, fixando um aumento em 1\/3 (um ter\u00e7o).<\/p>\n\n\n\n<p>O r\u00e9u foi condenado definitivamente com uma pena fixa de 24 anos de reclus\u00e3o, em regime fechado.<\/p>\n","protected":false},"excerpt":{"rendered":"<p>Um empres\u00e1rio de I\u00fana foi condenado a 24 anos de pris\u00e3o pela pr\u00e1tica de v\u00e1rios delitos de estupro contra a mesma v\u00edtima. De acordo com o Minist\u00e9rio P\u00fablico do Estado do Esp\u00edrito Santo (MPES), a v\u00edtima na \u00e9poca era menor de idade e os delitos ocorreram nas mesmas condi\u00e7\u00f5es de lugar, tempo e com o [&hellip;]<\/p>\n","protected":false},"author":2,"featured_media":4214,"comment_status":"open","ping_status":"open","sticky":false,"template":"","format":"standard","meta":{"footnotes":""},"categories":[5],"tags":[],"class_list":["post-4213","post","type-post","status-publish","format-standard","has-post-thumbnail","hentry","category-noticias"],"wpmagazine_modules_lite_featured_media_urls":{"thumbnail":["https:\/\/radioclubedeinhapim.com.br\/wp-content\/uploads\/2025\/02\/Copia-de-Inserir-um-subtitulo-2025-02-25T115250.043-150x150.jpg",150,150,true],"cvmm-medium":["https:\/\/radioclubedeinhapim.com.br\/wp-content\/uploads\/2025\/02\/Copia-de-Inserir-um-subtitulo-2025-02-25T115250.043-300x300.jpg",300,300,true],"cvmm-medium-plus":["https:\/\/radioclubedeinhapim.com.br\/wp-content\/uploads\/2025\/02\/Copia-de-Inserir-um-subtitulo-2025-02-25T115250.043-305x207.jpg",305,207,true],"cvmm-portrait":["https:\/\/radioclubedeinhapim.com.br\/wp-content\/uploads\/2025\/02\/Copia-de-Inserir-um-subtitulo-2025-02-25T115250.043-400x600.jpg",400,600,true],"cvmm-medium-square":["https:\/\/radioclubedeinhapim.com.br\/wp-content\/uploads\/2025\/02\/Copia-de-Inserir-um-subtitulo-2025-02-25T115250.043-600x600.jpg",600,600,true],"cvmm-large":["https:\/\/radioclubedeinhapim.com.br\/wp-content\/uploads\/2025\/02\/Copia-de-Inserir-um-subtitulo-2025-02-25T115250.043-1024x1024.jpg",1024,1024,true],"cvmm-small":["https:\/\/radioclubedeinhapim.com.br\/wp-content\/uploads\/2025\/02\/Copia-de-Inserir-um-subtitulo-2025-02-25T115250.043-130x95.jpg",130,95,true],"full":["https:\/\/radioclubedeinhapim.com.br\/wp-content\/uploads\/2025\/02\/Copia-de-Inserir-um-subtitulo-2025-02-25T115250.043.jpg",1080,1080,false]},"categories_names":{"5":{"name":"Not\u00edcias","link":"https:\/\/radioclubedeinhapim.com.br\/index.php\/category\/noticias\/"}},"tags_names":[],"comments_number":"0","_links":{"self":[{"href":"https:\/\/radioclubedeinhapim.com.br\/index.php\/wp-json\/wp\/v2\/posts\/4213","targetHints":{"allow":["GET"]}}],"collection":[{"href":"https:\/\/radioclubedeinhapim.com.br\/index.php\/wp-json\/wp\/v2\/posts"}],"about":[{"href":"https:\/\/radioclubedeinhapim.com.br\/index.php\/wp-json\/wp\/v2\/types\/post"}],"author":[{"embeddable":true,"href":"https:\/\/radioclubedeinhapim.com.br\/index.php\/wp-json\/wp\/v2\/users\/2"}],"replies":[{"embeddable":true,"href":"https:\/\/radioclubedeinhapim.com.br\/index.php\/wp-json\/wp\/v2\/comments?post=4213"}],"version-history":[{"count":1,"href":"https:\/\/radioclubedeinhapim.com.br\/index.php\/wp-json\/wp\/v2\/posts\/4213\/revisions"}],"predecessor-version":[{"id":4215,"href":"https:\/\/radioclubedeinhapim.com.br\/index.php\/wp-json\/wp\/v2\/posts\/4213\/revisions\/4215"}],"wp:featuredmedia":[{"embeddable":true,"href":"https:\/\/radioclubedeinhapim.com.br\/index.php\/wp-json\/wp\/v2\/media\/4214"}],"wp:attachment":[{"href":"https:\/\/radioclubedeinhapim.com.br\/index.php\/wp-json\/wp\/v2\/media?parent=4213"}],"wp:term":[{"taxonomy":"category","embeddable":true,"href":"https:\/\/radioclubedeinhapim.com.br\/index.php\/wp-json\/wp\/v2\/categories?post=4213"},{"taxonomy":"post_tag","embeddable":true,"href":"https:\/\/radioclubedeinhapim.com.br\/index.php\/wp-json\/wp\/v2\/tags?post=4213"}],"curies":[{"name":"wp","href":"https:\/\/api.w.org\/{rel}","templated":true}]}}