{"id":4219,"date":"2025-02-25T13:12:38","date_gmt":"2025-02-25T16:12:38","guid":{"rendered":"https:\/\/radioclubedeinhapim.com.br\/?p=4219"},"modified":"2025-02-25T13:12:38","modified_gmt":"2025-02-25T16:12:38","slug":"lula-e-reprovado-por-553-da-populacao-aponta-pesquisa-cnt-mda","status":"publish","type":"post","link":"https:\/\/radioclubedeinhapim.com.br\/index.php\/2025\/02\/25\/lula-e-reprovado-por-553-da-populacao-aponta-pesquisa-cnt-mda\/","title":{"rendered":"Lula \u00e9 reprovado por 55,3% da popula\u00e7\u00e3o, aponta pesquisa CNT\/MDA"},"content":{"rendered":"\n<p>O presidente Luiz In\u00e1cio Lula da Silva (PT) \u00e9 reprovado por 55,3% e aprovado por 40,5%. \u00c9 o que aponta uma pesquisa de opini\u00e3o divulgada nesta ter\u00e7a-feira (25) pela Confedera\u00e7\u00e3o Nacional do Transporte (CNT). A avalia\u00e7\u00e3o negativa teve uma alta de 9 pontos percentuais (p.p.) em rela\u00e7\u00e3o ao \u00faltimo levantamento, publicado em novembro de 2024.<\/p>\n\n\n\n<p>A pesquisa foi realizada entre os dias 19 e 23 de fevereiro, com 2.002 entrevistas presenciais, em 137 munic\u00edpios. A margem de erro \u00e9 de 2,2 pontos percentuais para mais ou para menos.<\/p>\n\n\n\n<p>Segundo o levantamento, a avalia\u00e7\u00e3o negativa do governo subiu 13 p.p., para 44%, entre novembro de 2024 e fevereiro, enquanto a avalia\u00e7\u00e3o positiva caiu 6 p.p., para 28,7%.<\/p>\n\n\n\n<p>O estudo revela ainda que as percep\u00e7\u00f5es positivas se sobressaem na popula\u00e7\u00e3o com 60 anos ou mais, com renda inferior a dois sal\u00e1rios m\u00ednimos e baixa escolaridade e residente no Nordeste. J\u00e1 a avalia\u00e7\u00e3o negativa \u00e9 mais acentuada entre os evang\u00e9licos, moradores da regi\u00e3o Sul, com ensino superior e mais de cinco sal\u00e1rios m\u00ednimos e idade entre 25 a 34 anos.<\/p>\n","protected":false},"excerpt":{"rendered":"<p>O presidente Luiz In\u00e1cio Lula da Silva (PT) \u00e9 reprovado por 55,3% e aprovado por 40,5%. \u00c9 o que aponta uma pesquisa de opini\u00e3o divulgada nesta ter\u00e7a-feira (25) pela Confedera\u00e7\u00e3o Nacional do Transporte (CNT). A avalia\u00e7\u00e3o negativa teve uma alta de 9 pontos percentuais (p.p.) em rela\u00e7\u00e3o ao \u00faltimo levantamento, publicado em novembro de 2024. [&hellip;]<\/p>\n","protected":false},"author":2,"featured_media":4220,"comment_status":"open","ping_status":"open","sticky":false,"template":"","format":"standard","meta":{"footnotes":""},"categories":[5],"tags":[],"class_list":["post-4219","post","type-post","status-publish","format-standard","has-post-thumbnail","hentry","category-noticias"],"wpmagazine_modules_lite_featured_media_urls":{"thumbnail":["https:\/\/radioclubedeinhapim.com.br\/wp-content\/uploads\/2025\/02\/Copia-de-Inserir-um-subtitulo-2025-02-25T131322.191-150x150.jpg",150,150,true],"cvmm-medium":["https:\/\/radioclubedeinhapim.com.br\/wp-content\/uploads\/2025\/02\/Copia-de-Inserir-um-subtitulo-2025-02-25T131322.191-300x300.jpg",300,300,true],"cvmm-medium-plus":["https:\/\/radioclubedeinhapim.com.br\/wp-content\/uploads\/2025\/02\/Copia-de-Inserir-um-subtitulo-2025-02-25T131322.191-305x207.jpg",305,207,true],"cvmm-portrait":["https:\/\/radioclubedeinhapim.com.br\/wp-content\/uploads\/2025\/02\/Copia-de-Inserir-um-subtitulo-2025-02-25T131322.191-400x600.jpg",400,600,true],"cvmm-medium-square":["https:\/\/radioclubedeinhapim.com.br\/wp-content\/uploads\/2025\/02\/Copia-de-Inserir-um-subtitulo-2025-02-25T131322.191-600x600.jpg",600,600,true],"cvmm-large":["https:\/\/radioclubedeinhapim.com.br\/wp-content\/uploads\/2025\/02\/Copia-de-Inserir-um-subtitulo-2025-02-25T131322.191-1024x1024.jpg",1024,1024,true],"cvmm-small":["https:\/\/radioclubedeinhapim.com.br\/wp-content\/uploads\/2025\/02\/Copia-de-Inserir-um-subtitulo-2025-02-25T131322.191-130x95.jpg",130,95,true],"full":["https:\/\/radioclubedeinhapim.com.br\/wp-content\/uploads\/2025\/02\/Copia-de-Inserir-um-subtitulo-2025-02-25T131322.191.jpg",1080,1080,false]},"categories_names":{"5":{"name":"Not\u00edcias","link":"https:\/\/radioclubedeinhapim.com.br\/index.php\/category\/noticias\/"}},"tags_names":[],"comments_number":"0","_links":{"self":[{"href":"https:\/\/radioclubedeinhapim.com.br\/index.php\/wp-json\/wp\/v2\/posts\/4219","targetHints":{"allow":["GET"]}}],"collection":[{"href":"https:\/\/radioclubedeinhapim.com.br\/index.php\/wp-json\/wp\/v2\/posts"}],"about":[{"href":"https:\/\/radioclubedeinhapim.com.br\/index.php\/wp-json\/wp\/v2\/types\/post"}],"author":[{"embeddable":true,"href":"https:\/\/radioclubedeinhapim.com.br\/index.php\/wp-json\/wp\/v2\/users\/2"}],"replies":[{"embeddable":true,"href":"https:\/\/radioclubedeinhapim.com.br\/index.php\/wp-json\/wp\/v2\/comments?post=4219"}],"version-history":[{"count":1,"href":"https:\/\/radioclubedeinhapim.com.br\/index.php\/wp-json\/wp\/v2\/posts\/4219\/revisions"}],"predecessor-version":[{"id":4221,"href":"https:\/\/radioclubedeinhapim.com.br\/index.php\/wp-json\/wp\/v2\/posts\/4219\/revisions\/4221"}],"wp:featuredmedia":[{"embeddable":true,"href":"https:\/\/radioclubedeinhapim.com.br\/index.php\/wp-json\/wp\/v2\/media\/4220"}],"wp:attachment":[{"href":"https:\/\/radioclubedeinhapim.com.br\/index.php\/wp-json\/wp\/v2\/media?parent=4219"}],"wp:term":[{"taxonomy":"category","embeddable":true,"href":"https:\/\/radioclubedeinhapim.com.br\/index.php\/wp-json\/wp\/v2\/categories?post=4219"},{"taxonomy":"post_tag","embeddable":true,"href":"https:\/\/radioclubedeinhapim.com.br\/index.php\/wp-json\/wp\/v2\/tags?post=4219"}],"curies":[{"name":"wp","href":"https:\/\/api.w.org\/{rel}","templated":true}]}}