{"id":4256,"date":"2025-03-02T07:07:13","date_gmt":"2025-03-02T10:07:13","guid":{"rendered":"https:\/\/radioclubedeinhapim.com.br\/?p=4256"},"modified":"2025-03-02T07:07:13","modified_gmt":"2025-03-02T10:07:13","slug":"ciclista-morre-apos-colidir-contra-caminhonete-na-br-116-em-ubaporanga","status":"publish","type":"post","link":"https:\/\/radioclubedeinhapim.com.br\/index.php\/2025\/03\/02\/ciclista-morre-apos-colidir-contra-caminhonete-na-br-116-em-ubaporanga\/","title":{"rendered":"Ciclista morre ap\u00f3s colidir contra caminhonete na BR-116, em Ubaporanga"},"content":{"rendered":"\n<p>Um grave acidente registrado na madrugada deste s\u00e1bado (01\/03) resultou na morte de Jos\u00e9 Cl\u00e1udio da Silva J\u00fanior, na BR-116, em Ubaporanga.<\/p>\n\n\n\n<p>Jos\u00e9 Cl\u00e1udio estava em uma bicicleta quando colidiu frontalmente contra uma caminhonete Fiat Strada. O impacto foi fatal, e a v\u00edtima veio a \u00f3bito no local.<\/p>\n\n\n\n<p>A <a><\/a>Pol\u00edcia Rodovi\u00e1ria Federal (PRF) foi acionada e realizou o registro da ocorr\u00eancia. O condutor da caminhonete permaneceu no local e prestou esclarecimentos. As causas e circunst\u00e2ncias do acidente ser\u00e3o investigadas pelas autoridades competentes.<\/p>\n\n\n\n<p>Ap\u00f3s o trabalho da per\u00edcia t\u00e9cnica da Pol\u00edcia Civil, o corpo da v\u00edtima foi liberado ao servi\u00e7o funer\u00e1rio e encaminhado ao Instituto M\u00e9dico Legal (IML) de Caratinga. Familiares s\u00e3o aguardados no IML para a libera\u00e7\u00e3o do corpo.<\/p>\n\n\n\n<p>As investiga\u00e7\u00f5es seguem para esclarecer os fatores que levaram \u00e0 colis\u00e3o.<\/p>\n","protected":false},"excerpt":{"rendered":"<p>Um grave acidente registrado na madrugada deste s\u00e1bado (01\/03) resultou na morte de Jos\u00e9 Cl\u00e1udio da Silva J\u00fanior, na BR-116, em Ubaporanga. Jos\u00e9 Cl\u00e1udio estava em uma bicicleta quando colidiu frontalmente contra uma caminhonete Fiat Strada. O impacto foi fatal, e a v\u00edtima veio a \u00f3bito no local. A Pol\u00edcia Rodovi\u00e1ria Federal (PRF) foi acionada [&hellip;]<\/p>\n","protected":false},"author":2,"featured_media":4257,"comment_status":"open","ping_status":"open","sticky":false,"template":"","format":"standard","meta":{"footnotes":""},"categories":[5],"tags":[],"class_list":["post-4256","post","type-post","status-publish","format-standard","has-post-thumbnail","hentry","category-noticias"],"wpmagazine_modules_lite_featured_media_urls":{"thumbnail":["https:\/\/radioclubedeinhapim.com.br\/wp-content\/uploads\/2025\/03\/481284615_1461984091467293_6654290793097444336_n-150x150.jpg",150,150,true],"cvmm-medium":["https:\/\/radioclubedeinhapim.com.br\/wp-content\/uploads\/2025\/03\/481284615_1461984091467293_6654290793097444336_n-300x300.jpg",300,300,true],"cvmm-medium-plus":["https:\/\/radioclubedeinhapim.com.br\/wp-content\/uploads\/2025\/03\/481284615_1461984091467293_6654290793097444336_n-305x207.jpg",305,207,true],"cvmm-portrait":["https:\/\/radioclubedeinhapim.com.br\/wp-content\/uploads\/2025\/03\/481284615_1461984091467293_6654290793097444336_n-400x600.jpg",400,600,true],"cvmm-medium-square":["https:\/\/radioclubedeinhapim.com.br\/wp-content\/uploads\/2025\/03\/481284615_1461984091467293_6654290793097444336_n-600x600.jpg",600,600,true],"cvmm-large":["https:\/\/radioclubedeinhapim.com.br\/wp-content\/uploads\/2025\/03\/481284615_1461984091467293_6654290793097444336_n.jpg",960,960,false],"cvmm-small":["https:\/\/radioclubedeinhapim.com.br\/wp-content\/uploads\/2025\/03\/481284615_1461984091467293_6654290793097444336_n-130x95.jpg",130,95,true],"full":["https:\/\/radioclubedeinhapim.com.br\/wp-content\/uploads\/2025\/03\/481284615_1461984091467293_6654290793097444336_n.jpg",960,960,false]},"categories_names":{"5":{"name":"Not\u00edcias","link":"https:\/\/radioclubedeinhapim.com.br\/index.php\/category\/noticias\/"}},"tags_names":[],"comments_number":"0","_links":{"self":[{"href":"https:\/\/radioclubedeinhapim.com.br\/index.php\/wp-json\/wp\/v2\/posts\/4256","targetHints":{"allow":["GET"]}}],"collection":[{"href":"https:\/\/radioclubedeinhapim.com.br\/index.php\/wp-json\/wp\/v2\/posts"}],"about":[{"href":"https:\/\/radioclubedeinhapim.com.br\/index.php\/wp-json\/wp\/v2\/types\/post"}],"author":[{"embeddable":true,"href":"https:\/\/radioclubedeinhapim.com.br\/index.php\/wp-json\/wp\/v2\/users\/2"}],"replies":[{"embeddable":true,"href":"https:\/\/radioclubedeinhapim.com.br\/index.php\/wp-json\/wp\/v2\/comments?post=4256"}],"version-history":[{"count":1,"href":"https:\/\/radioclubedeinhapim.com.br\/index.php\/wp-json\/wp\/v2\/posts\/4256\/revisions"}],"predecessor-version":[{"id":4258,"href":"https:\/\/radioclubedeinhapim.com.br\/index.php\/wp-json\/wp\/v2\/posts\/4256\/revisions\/4258"}],"wp:featuredmedia":[{"embeddable":true,"href":"https:\/\/radioclubedeinhapim.com.br\/index.php\/wp-json\/wp\/v2\/media\/4257"}],"wp:attachment":[{"href":"https:\/\/radioclubedeinhapim.com.br\/index.php\/wp-json\/wp\/v2\/media?parent=4256"}],"wp:term":[{"taxonomy":"category","embeddable":true,"href":"https:\/\/radioclubedeinhapim.com.br\/index.php\/wp-json\/wp\/v2\/categories?post=4256"},{"taxonomy":"post_tag","embeddable":true,"href":"https:\/\/radioclubedeinhapim.com.br\/index.php\/wp-json\/wp\/v2\/tags?post=4256"}],"curies":[{"name":"wp","href":"https:\/\/api.w.org\/{rel}","templated":true}]}}