{"id":4278,"date":"2025-03-03T12:54:59","date_gmt":"2025-03-03T15:54:59","guid":{"rendered":"https:\/\/radioclubedeinhapim.com.br\/?p=4278"},"modified":"2025-03-03T12:54:59","modified_gmt":"2025-03-03T15:54:59","slug":"papa-francisco-alerta-sobre-a-policrise-mundial-enquanto-sua-saude-continua-estavel-no-hospital-gemelli","status":"publish","type":"post","link":"https:\/\/radioclubedeinhapim.com.br\/index.php\/2025\/03\/03\/papa-francisco-alerta-sobre-a-policrise-mundial-enquanto-sua-saude-continua-estavel-no-hospital-gemelli\/","title":{"rendered":"Papa Francisco alerta sobre a &#8216;policrise&#8217; mundial enquanto sua sa\u00fade continua est\u00e1vel no Hospital Gemelli"},"content":{"rendered":"\n<p>O Papa Francisco, de 88 anos, encontra-se internado no Hospital Gemelli de Roma desde 14 de fevereiro devido a uma pneumonia bilateral. Ap\u00f3s um epis\u00f3dio de broncoespasmo na sexta-feira, 28 de fevereiro, sua condi\u00e7\u00e3o foi considerada est\u00e1vel. No domingo, 2 de mar\u00e7o, participou da Santa Missa com a equipe m\u00e9dica e, na manh\u00e3 de segunda-feira, 3 de mar\u00e7o, descansou bem durante a noite, sem febre e sem necessidade de ventila\u00e7\u00e3o mec\u00e2nica.<\/p>\n\n\n\n<p>Em mensagem enviada do hospital, o Papa alertou sobre os desafios da atual &#8220;policrise&#8221; global, enfatizando a necessidade de escuta, responsabilidade e esperan\u00e7a. Destacou que a humanidade deve refletir profundamente sobre suas resist\u00eancias \u00e0 mudan\u00e7a para evitar repetir erros do passado. Al\u00e9m disso, ressaltou a import\u00e2ncia de integrar a ci\u00eancia e a \u00e9tica na constru\u00e7\u00e3o do futuro, afastando-se de solu\u00e7\u00f5es tecnocr\u00e1ticas e promovendo uma vis\u00e3o mais humana e solid\u00e1ria.<\/p>\n\n\n\n<p>O boletim m\u00e9dico mais recente indica que o Papa continua recebendo oxig\u00eanio, est\u00e1 sem febre e seu progn\u00f3stico permanece reservado devido \u00e0 complexidade do quadro cl\u00ednico. O Vaticano agradeceu as ora\u00e7\u00f5es e expressou confian\u00e7a na recupera\u00e7\u00e3o do Pont\u00edfice.<\/p>\n","protected":false},"excerpt":{"rendered":"<p>O Papa Francisco, de 88 anos, encontra-se internado no Hospital Gemelli de Roma desde 14 de fevereiro devido a uma pneumonia bilateral. Ap\u00f3s um epis\u00f3dio de broncoespasmo na sexta-feira, 28 de fevereiro, sua condi\u00e7\u00e3o foi considerada est\u00e1vel. No domingo, 2 de mar\u00e7o, participou da Santa Missa com a equipe m\u00e9dica e, na manh\u00e3 de segunda-feira, [&hellip;]<\/p>\n","protected":false},"author":2,"featured_media":4279,"comment_status":"open","ping_status":"open","sticky":false,"template":"","format":"standard","meta":{"footnotes":""},"categories":[5],"tags":[],"class_list":["post-4278","post","type-post","status-publish","format-standard","has-post-thumbnail","hentry","category-noticias"],"wpmagazine_modules_lite_featured_media_urls":{"thumbnail":["https:\/\/radioclubedeinhapim.com.br\/wp-content\/uploads\/2025\/03\/Copia-de-Inserir-um-subtitulo-2025-03-03T125614.004-150x150.jpg",150,150,true],"cvmm-medium":["https:\/\/radioclubedeinhapim.com.br\/wp-content\/uploads\/2025\/03\/Copia-de-Inserir-um-subtitulo-2025-03-03T125614.004-300x300.jpg",300,300,true],"cvmm-medium-plus":["https:\/\/radioclubedeinhapim.com.br\/wp-content\/uploads\/2025\/03\/Copia-de-Inserir-um-subtitulo-2025-03-03T125614.004-305x207.jpg",305,207,true],"cvmm-portrait":["https:\/\/radioclubedeinhapim.com.br\/wp-content\/uploads\/2025\/03\/Copia-de-Inserir-um-subtitulo-2025-03-03T125614.004-400x600.jpg",400,600,true],"cvmm-medium-square":["https:\/\/radioclubedeinhapim.com.br\/wp-content\/uploads\/2025\/03\/Copia-de-Inserir-um-subtitulo-2025-03-03T125614.004-600x600.jpg",600,600,true],"cvmm-large":["https:\/\/radioclubedeinhapim.com.br\/wp-content\/uploads\/2025\/03\/Copia-de-Inserir-um-subtitulo-2025-03-03T125614.004-1024x1024.jpg",1024,1024,true],"cvmm-small":["https:\/\/radioclubedeinhapim.com.br\/wp-content\/uploads\/2025\/03\/Copia-de-Inserir-um-subtitulo-2025-03-03T125614.004-130x95.jpg",130,95,true],"full":["https:\/\/radioclubedeinhapim.com.br\/wp-content\/uploads\/2025\/03\/Copia-de-Inserir-um-subtitulo-2025-03-03T125614.004.jpg",1080,1080,false]},"categories_names":{"5":{"name":"Not\u00edcias","link":"https:\/\/radioclubedeinhapim.com.br\/index.php\/category\/noticias\/"}},"tags_names":[],"comments_number":"0","_links":{"self":[{"href":"https:\/\/radioclubedeinhapim.com.br\/index.php\/wp-json\/wp\/v2\/posts\/4278","targetHints":{"allow":["GET"]}}],"collection":[{"href":"https:\/\/radioclubedeinhapim.com.br\/index.php\/wp-json\/wp\/v2\/posts"}],"about":[{"href":"https:\/\/radioclubedeinhapim.com.br\/index.php\/wp-json\/wp\/v2\/types\/post"}],"author":[{"embeddable":true,"href":"https:\/\/radioclubedeinhapim.com.br\/index.php\/wp-json\/wp\/v2\/users\/2"}],"replies":[{"embeddable":true,"href":"https:\/\/radioclubedeinhapim.com.br\/index.php\/wp-json\/wp\/v2\/comments?post=4278"}],"version-history":[{"count":1,"href":"https:\/\/radioclubedeinhapim.com.br\/index.php\/wp-json\/wp\/v2\/posts\/4278\/revisions"}],"predecessor-version":[{"id":4280,"href":"https:\/\/radioclubedeinhapim.com.br\/index.php\/wp-json\/wp\/v2\/posts\/4278\/revisions\/4280"}],"wp:featuredmedia":[{"embeddable":true,"href":"https:\/\/radioclubedeinhapim.com.br\/index.php\/wp-json\/wp\/v2\/media\/4279"}],"wp:attachment":[{"href":"https:\/\/radioclubedeinhapim.com.br\/index.php\/wp-json\/wp\/v2\/media?parent=4278"}],"wp:term":[{"taxonomy":"category","embeddable":true,"href":"https:\/\/radioclubedeinhapim.com.br\/index.php\/wp-json\/wp\/v2\/categories?post=4278"},{"taxonomy":"post_tag","embeddable":true,"href":"https:\/\/radioclubedeinhapim.com.br\/index.php\/wp-json\/wp\/v2\/tags?post=4278"}],"curies":[{"name":"wp","href":"https:\/\/api.w.org\/{rel}","templated":true}]}}