{"id":4328,"date":"2025-03-07T14:29:09","date_gmt":"2025-03-07T17:29:09","guid":{"rendered":"https:\/\/radioclubedeinhapim.com.br\/?p=4328"},"modified":"2025-03-10T10:24:27","modified_gmt":"2025-03-10T13:24:27","slug":"casal-e-denunciado-por-violencia-psicologica-e-exploracao-financeira-contra-idosa-no-corrego-saibeira-em-inhapim","status":"publish","type":"post","link":"https:\/\/radioclubedeinhapim.com.br\/index.php\/2025\/03\/07\/casal-e-denunciado-por-violencia-psicologica-e-exploracao-financeira-contra-idosa-no-corrego-saibeira-em-inhapim\/","title":{"rendered":"Casal \u00e9 denunciado por viol\u00eancia psicol\u00f3gica e explora\u00e7\u00e3o financeira contra idosa, no C\u00f3rrego Saibeira em Inhapim"},"content":{"rendered":"\n<p>O Minist\u00e9rio P\u00fablico de Minas Gerais denunciou um casal por crimes de viol\u00eancia psicol\u00f3gica e explora\u00e7\u00e3o financeira contra uma idosa de 62 anos na zona rural de Inhapim, no C\u00f3rrego Saibeira. A den\u00fancia, baseada em inqu\u00e9rito policial, aponta que os acusados submeteram a v\u00edtima a um ambiente de constante hostilidade, causando-lhe preju\u00edzo emocional e psicol\u00f3gico.<\/p>\n\n\n\n<p>De acordo com a investiga\u00e7\u00e3o, a v\u00edtima reside com um de seus filhos e a companheira dele, ambos usu\u00e1rios de subst\u00e2ncias il\u00edcitas. O ambiente dom\u00e9stico tornou-se insustent\u00e1vel, com epis\u00f3dios frequentes de agress\u00f5es verbais e psicol\u00f3gicas, incluindo humilha\u00e7\u00f5es e amea\u00e7as. Em uma das ocasi\u00f5es relatadas, a idosa chegou a ser cuspida nos p\u00e9s, simbolizando extremo desrespeito e viol\u00eancia emocional.<\/p>\n\n\n\n<p>Diante da situa\u00e7\u00e3o de vulnerabilidade e temendo por sua integridade, a v\u00edtima procurou a unidade policial para relatar as agress\u00f5es e os abusos sofridos. Seu depoimento foi essencial para o avan\u00e7o das investiga\u00e7\u00f5es e a formaliza\u00e7\u00e3o da den\u00fancia pelo Minist\u00e9rio P\u00fablico.<\/p>\n\n\n\n<p>Al\u00e9m das agress\u00f5es psicol\u00f3gicas, a idosa relatou que os denunciados se apropriavam indevidamente de sua aposentadoria, utilizando os valores para fins diversos, sem qualquer compromisso de devolu\u00e7\u00e3o. A v\u00edtima, que j\u00e1 enfrenta dificuldades financeiras, viu-se ainda mais vulner\u00e1vel diante da explora\u00e7\u00e3o econ\u00f4mica praticada pelos acusados.<\/p>\n\n\n\n<p>A den\u00fancia foi recebida pelo Poder Judici\u00e1rio, e os r\u00e9us dever\u00e3o responder pelos crimes previstos no C\u00f3digo Penal e no Estatuto do Idoso. O Minist\u00e9rio P\u00fablico solicitou a condena\u00e7\u00e3o dos denunciados, bem como a repara\u00e7\u00e3o dos danos causados \u00e0 v\u00edtima, estipulada no valor de R$ 10.000,00.<\/p>\n\n\n\n<p>O caso refor\u00e7a a import\u00e2ncia da prote\u00e7\u00e3o aos idosos e do combate \u00e0 viol\u00eancia dom\u00e9stica, alertando para a necessidade de den\u00fancias e a\u00e7\u00f5es firmes contra pr\u00e1ticas abusivas dentro do ambiente familiar.<\/p>\n\n\n\n<figure class=\"wp-block-image\"><img decoding=\"async\" src=\"https:\/\/www.tjmg.jus.br\/data\/files\/5F\/71\/E7\/F0\/9EC20910346450092D28CCA8\/Not---Inauguracao-Forum-de-Inhapim._2.jpg\" alt=\"TJMG inaugura novo F\u00f3rum Anast\u00e1sio Chaves na Comarca de Inhapim | Portal  TJMG\"\/><\/figure>\n","protected":false},"excerpt":{"rendered":"<p>O Minist\u00e9rio P\u00fablico de Minas Gerais denunciou um casal por crimes de viol\u00eancia psicol\u00f3gica e explora\u00e7\u00e3o financeira contra uma idosa de 62 anos na zona rural de Inhapim, no C\u00f3rrego Saibeira. A den\u00fancia, baseada em inqu\u00e9rito policial, aponta que os acusados submeteram a v\u00edtima a um ambiente de constante hostilidade, causando-lhe preju\u00edzo emocional e psicol\u00f3gico. [&hellip;]<\/p>\n","protected":false},"author":2,"featured_media":4334,"comment_status":"open","ping_status":"open","sticky":false,"template":"","format":"standard","meta":{"footnotes":""},"categories":[5,1],"tags":[],"class_list":["post-4328","post","type-post","status-publish","format-standard","has-post-thumbnail","hentry","category-noticias","category-uncategorized"],"wpmagazine_modules_lite_featured_media_urls":{"thumbnail":["https:\/\/radioclubedeinhapim.com.br\/wp-content\/uploads\/2025\/03\/125-150x150.jpg",150,150,true],"cvmm-medium":["https:\/\/radioclubedeinhapim.com.br\/wp-content\/uploads\/2025\/03\/125-300x300.jpg",300,300,true],"cvmm-medium-plus":["https:\/\/radioclubedeinhapim.com.br\/wp-content\/uploads\/2025\/03\/125-305x207.jpg",305,207,true],"cvmm-portrait":["https:\/\/radioclubedeinhapim.com.br\/wp-content\/uploads\/2025\/03\/125-400x600.jpg",400,600,true],"cvmm-medium-square":["https:\/\/radioclubedeinhapim.com.br\/wp-content\/uploads\/2025\/03\/125-600x600.jpg",600,600,true],"cvmm-large":["https:\/\/radioclubedeinhapim.com.br\/wp-content\/uploads\/2025\/03\/125-1024x1024.jpg",1024,1024,true],"cvmm-small":["https:\/\/radioclubedeinhapim.com.br\/wp-content\/uploads\/2025\/03\/125-130x95.jpg",130,95,true],"full":["https:\/\/radioclubedeinhapim.com.br\/wp-content\/uploads\/2025\/03\/125.jpg",1080,1080,false]},"categories_names":{"5":{"name":"Not\u00edcias","link":"https:\/\/radioclubedeinhapim.com.br\/index.php\/category\/noticias\/"},"1":{"name":"Uncategorized","link":"https:\/\/radioclubedeinhapim.com.br\/index.php\/category\/uncategorized\/"}},"tags_names":[],"comments_number":"0","_links":{"self":[{"href":"https:\/\/radioclubedeinhapim.com.br\/index.php\/wp-json\/wp\/v2\/posts\/4328","targetHints":{"allow":["GET"]}}],"collection":[{"href":"https:\/\/radioclubedeinhapim.com.br\/index.php\/wp-json\/wp\/v2\/posts"}],"about":[{"href":"https:\/\/radioclubedeinhapim.com.br\/index.php\/wp-json\/wp\/v2\/types\/post"}],"author":[{"embeddable":true,"href":"https:\/\/radioclubedeinhapim.com.br\/index.php\/wp-json\/wp\/v2\/users\/2"}],"replies":[{"embeddable":true,"href":"https:\/\/radioclubedeinhapim.com.br\/index.php\/wp-json\/wp\/v2\/comments?post=4328"}],"version-history":[{"count":1,"href":"https:\/\/radioclubedeinhapim.com.br\/index.php\/wp-json\/wp\/v2\/posts\/4328\/revisions"}],"predecessor-version":[{"id":4329,"href":"https:\/\/radioclubedeinhapim.com.br\/index.php\/wp-json\/wp\/v2\/posts\/4328\/revisions\/4329"}],"wp:featuredmedia":[{"embeddable":true,"href":"https:\/\/radioclubedeinhapim.com.br\/index.php\/wp-json\/wp\/v2\/media\/4334"}],"wp:attachment":[{"href":"https:\/\/radioclubedeinhapim.com.br\/index.php\/wp-json\/wp\/v2\/media?parent=4328"}],"wp:term":[{"taxonomy":"category","embeddable":true,"href":"https:\/\/radioclubedeinhapim.com.br\/index.php\/wp-json\/wp\/v2\/categories?post=4328"},{"taxonomy":"post_tag","embeddable":true,"href":"https:\/\/radioclubedeinhapim.com.br\/index.php\/wp-json\/wp\/v2\/tags?post=4328"}],"curies":[{"name":"wp","href":"https:\/\/api.w.org\/{rel}","templated":true}]}}