{"id":4362,"date":"2025-03-12T11:32:34","date_gmt":"2025-03-12T14:32:34","guid":{"rendered":"https:\/\/radioclubedeinhapim.com.br\/?p=4362"},"modified":"2025-03-12T11:32:34","modified_gmt":"2025-03-12T14:32:34","slug":"incendio-atinge-usina-de-asfalto-em-timoteo","status":"publish","type":"post","link":"https:\/\/radioclubedeinhapim.com.br\/index.php\/2025\/03\/12\/incendio-atinge-usina-de-asfalto-em-timoteo\/","title":{"rendered":"Inc\u00eandio atinge usina de asfalto em Tim\u00f3teo"},"content":{"rendered":"\n<p>Na tarde de ter\u00e7a-feira (11) um inc\u00eandio atingiu uma usina de asfalto localizada na Rua Bahia, no bairro Grota dos Vieiras, em Tim\u00f3teo. O Corpo de Bombeiros foi acionado \u00e0s 17h52 e mobilizou duas guarni\u00e7\u00f5es: uma do Pelot\u00e3o de Tim\u00f3teo e outra de Coronel Fabriciano, que atuou em apoio.<\/p>\n\n\n\n<p>Ao chegarem ao local, os bombeiros identificaram que as chamas estavam concentradas na caldeira da usina e nos tanques de armazenamento de Cimento Asf\u00e1ltico de Petr\u00f3leo (CAP). Imediatamente, estabeleceram um ponto de combate na parte superior da estrutura e iniciaram as a\u00e7\u00f5es para conter o inc\u00eandio. Com a chegada da equipe de Coronel Fabriciano, um segundo ponto de ataque foi montado na parte inferior, permitindo o combate simult\u00e2neo em tr\u00eas \u00e1reas cr\u00edticas.<\/p>\n\n\n\n<p>Gra\u00e7as \u00e0 r\u00e1pida atua\u00e7\u00e3o das equipes, o inc\u00eandio foi controlado em curto espa\u00e7o de tempo. Ap\u00f3s a extin\u00e7\u00e3o das chamas, os bombeiros realizaram o resfriamento do local para evitar poss\u00edveis reigni\u00e7\u00f5es. As causas do inc\u00eandio n\u00e3o puderam ser determinadas no momento e uma investiga\u00e7\u00e3o posterior ser\u00e1 necess\u00e1ria para identificar a origem do sinistro. N\u00e3o houve v\u00edtimas e, ao final dos trabalhos, o local foi entregue ao propriet\u00e1rio.<\/p>\n\n\n\n<p>A opera\u00e7\u00e3o contou com a participa\u00e7\u00e3o das viaturas ABTS-1417 e ABTS-2039, que permaneceram no local at\u00e9 a completa seguran\u00e7a da \u00e1rea.<\/p>\n","protected":false},"excerpt":{"rendered":"<p>Na tarde de ter\u00e7a-feira (11) um inc\u00eandio atingiu uma usina de asfalto localizada na Rua Bahia, no bairro Grota dos Vieiras, em Tim\u00f3teo. O Corpo de Bombeiros foi acionado \u00e0s 17h52 e mobilizou duas guarni\u00e7\u00f5es: uma do Pelot\u00e3o de Tim\u00f3teo e outra de Coronel Fabriciano, que atuou em apoio. Ao chegarem ao local, os bombeiros [&hellip;]<\/p>\n","protected":false},"author":2,"featured_media":4363,"comment_status":"open","ping_status":"open","sticky":false,"template":"","format":"standard","meta":{"footnotes":""},"categories":[5],"tags":[],"class_list":["post-4362","post","type-post","status-publish","format-standard","has-post-thumbnail","hentry","category-noticias"],"wpmagazine_modules_lite_featured_media_urls":{"thumbnail":["https:\/\/radioclubedeinhapim.com.br\/wp-content\/uploads\/2025\/03\/Copia-de-Inserir-um-subtitulo-2025-03-12T113405.391-150x150.jpg",150,150,true],"cvmm-medium":["https:\/\/radioclubedeinhapim.com.br\/wp-content\/uploads\/2025\/03\/Copia-de-Inserir-um-subtitulo-2025-03-12T113405.391-300x300.jpg",300,300,true],"cvmm-medium-plus":["https:\/\/radioclubedeinhapim.com.br\/wp-content\/uploads\/2025\/03\/Copia-de-Inserir-um-subtitulo-2025-03-12T113405.391-305x207.jpg",305,207,true],"cvmm-portrait":["https:\/\/radioclubedeinhapim.com.br\/wp-content\/uploads\/2025\/03\/Copia-de-Inserir-um-subtitulo-2025-03-12T113405.391-400x600.jpg",400,600,true],"cvmm-medium-square":["https:\/\/radioclubedeinhapim.com.br\/wp-content\/uploads\/2025\/03\/Copia-de-Inserir-um-subtitulo-2025-03-12T113405.391-600x600.jpg",600,600,true],"cvmm-large":["https:\/\/radioclubedeinhapim.com.br\/wp-content\/uploads\/2025\/03\/Copia-de-Inserir-um-subtitulo-2025-03-12T113405.391-1024x1024.jpg",1024,1024,true],"cvmm-small":["https:\/\/radioclubedeinhapim.com.br\/wp-content\/uploads\/2025\/03\/Copia-de-Inserir-um-subtitulo-2025-03-12T113405.391-130x95.jpg",130,95,true],"full":["https:\/\/radioclubedeinhapim.com.br\/wp-content\/uploads\/2025\/03\/Copia-de-Inserir-um-subtitulo-2025-03-12T113405.391.jpg",1080,1080,false]},"categories_names":{"5":{"name":"Not\u00edcias","link":"https:\/\/radioclubedeinhapim.com.br\/index.php\/category\/noticias\/"}},"tags_names":[],"comments_number":"0","_links":{"self":[{"href":"https:\/\/radioclubedeinhapim.com.br\/index.php\/wp-json\/wp\/v2\/posts\/4362","targetHints":{"allow":["GET"]}}],"collection":[{"href":"https:\/\/radioclubedeinhapim.com.br\/index.php\/wp-json\/wp\/v2\/posts"}],"about":[{"href":"https:\/\/radioclubedeinhapim.com.br\/index.php\/wp-json\/wp\/v2\/types\/post"}],"author":[{"embeddable":true,"href":"https:\/\/radioclubedeinhapim.com.br\/index.php\/wp-json\/wp\/v2\/users\/2"}],"replies":[{"embeddable":true,"href":"https:\/\/radioclubedeinhapim.com.br\/index.php\/wp-json\/wp\/v2\/comments?post=4362"}],"version-history":[{"count":1,"href":"https:\/\/radioclubedeinhapim.com.br\/index.php\/wp-json\/wp\/v2\/posts\/4362\/revisions"}],"predecessor-version":[{"id":4364,"href":"https:\/\/radioclubedeinhapim.com.br\/index.php\/wp-json\/wp\/v2\/posts\/4362\/revisions\/4364"}],"wp:featuredmedia":[{"embeddable":true,"href":"https:\/\/radioclubedeinhapim.com.br\/index.php\/wp-json\/wp\/v2\/media\/4363"}],"wp:attachment":[{"href":"https:\/\/radioclubedeinhapim.com.br\/index.php\/wp-json\/wp\/v2\/media?parent=4362"}],"wp:term":[{"taxonomy":"category","embeddable":true,"href":"https:\/\/radioclubedeinhapim.com.br\/index.php\/wp-json\/wp\/v2\/categories?post=4362"},{"taxonomy":"post_tag","embeddable":true,"href":"https:\/\/radioclubedeinhapim.com.br\/index.php\/wp-json\/wp\/v2\/tags?post=4362"}],"curies":[{"name":"wp","href":"https:\/\/api.w.org\/{rel}","templated":true}]}}