{"id":4388,"date":"2025-03-13T16:28:26","date_gmt":"2025-03-13T19:28:26","guid":{"rendered":"https:\/\/radioclubedeinhapim.com.br\/?p=4388"},"modified":"2025-03-13T16:28:26","modified_gmt":"2025-03-13T19:28:26","slug":"homem-e-preso-apos-tentar-abusar-de-adolescente-em-timoteo","status":"publish","type":"post","link":"https:\/\/radioclubedeinhapim.com.br\/index.php\/2025\/03\/13\/homem-e-preso-apos-tentar-abusar-de-adolescente-em-timoteo\/","title":{"rendered":"Homem \u00e9 preso ap\u00f3s tentar abusar de adolescente em Tim\u00f3teo"},"content":{"rendered":"\n<p>Uma adolescente de 13 anos conseguiu escapar de um ataque enquanto seguia para a escola na manh\u00e3 desta quarta-feira (12), no bairro Timirim, em Tim\u00f3teo, Minas Gerais. O agressor, um homem de 28 anos, abordou a v\u00edtima armado com uma faca e tentou abus\u00e1-la, mas foi impedido pela rea\u00e7\u00e3o da jovem. Ele acabou sendo capturado pela pol\u00edcia ap\u00f3s uma tentativa frustrada de fuga.<\/p>\n\n\n\n<p>Segundo relato da v\u00edtima, o crime aconteceu no cruzamento das ruas Cl\u00f3vis Gon\u00e7alves Ferreira e Um. O suspeito se aproximou e, segurando uma faca, encostou a l\u00e2mina na barriga da adolescente, puxando-a pelo pesco\u00e7o at\u00e9 um local escondido na entrada de um pr\u00e9dio. Sob amea\u00e7a, ele a obrigou a se sentar e tentou beij\u00e1-la \u00e0 for\u00e7a.<\/p>\n\n\n\n<p>Em um momento de descuido do agressor, a faca caiu ao ch\u00e3o. A adolescente aproveitou a oportunidade, pegou a arma e se debateu para se soltar. Ap\u00f3s uma luta intensa, ela conseguiu fugir e correu para casa, onde relatou o ocorrido. Durante a a\u00e7\u00e3o, sofreu um pequeno arranh\u00e3o no pesco\u00e7o.<\/p>\n\n\n\n<p>A pol\u00edcia iniciou as buscas e recebeu informa\u00e7\u00f5es de que um homem com as mesmas caracter\u00edsticas teria sido visto seguindo para o bairro John Kennedy. Ao chegarem ao endere\u00e7o indicado, os agentes encontraram o suspeito, que tentou fugir pulando pelos telhados das casas vizinhas. No entanto, um dos telhados cedeu e ele caiu na varanda de uma resid\u00eancia, onde foi contido pelos policiais.<\/p>\n\n\n\n<p>Com ferimentos causados pela queda, o homem foi socorrido e encaminhado para atendimento m\u00e9dico na Unidade de Pronto Atendimento (UPA) da cidade. Ap\u00f3s ser reconhecido pela v\u00edtima por meio de fotografias, ele recebeu voz de pris\u00e3o e foi levado \u00e0 delegacia para os procedimentos legais. A faca usada no crime n\u00e3o foi localizada<\/p>\n","protected":false},"excerpt":{"rendered":"<p>Uma adolescente de 13 anos conseguiu escapar de um ataque enquanto seguia para a escola na manh\u00e3 desta quarta-feira (12), no bairro Timirim, em Tim\u00f3teo, Minas Gerais. O agressor, um homem de 28 anos, abordou a v\u00edtima armado com uma faca e tentou abus\u00e1-la, mas foi impedido pela rea\u00e7\u00e3o da jovem. Ele acabou sendo capturado [&hellip;]<\/p>\n","protected":false},"author":2,"featured_media":4389,"comment_status":"open","ping_status":"open","sticky":false,"template":"","format":"standard","meta":{"footnotes":""},"categories":[5],"tags":[],"class_list":["post-4388","post","type-post","status-publish","format-standard","has-post-thumbnail","hentry","category-noticias"],"wpmagazine_modules_lite_featured_media_urls":{"thumbnail":["https:\/\/radioclubedeinhapim.com.br\/wp-content\/uploads\/2025\/03\/6-150x150.jpg",150,150,true],"cvmm-medium":["https:\/\/radioclubedeinhapim.com.br\/wp-content\/uploads\/2025\/03\/6-300x300.jpg",300,300,true],"cvmm-medium-plus":["https:\/\/radioclubedeinhapim.com.br\/wp-content\/uploads\/2025\/03\/6-305x207.jpg",305,207,true],"cvmm-portrait":["https:\/\/radioclubedeinhapim.com.br\/wp-content\/uploads\/2025\/03\/6-400x600.jpg",400,600,true],"cvmm-medium-square":["https:\/\/radioclubedeinhapim.com.br\/wp-content\/uploads\/2025\/03\/6-600x600.jpg",600,600,true],"cvmm-large":["https:\/\/radioclubedeinhapim.com.br\/wp-content\/uploads\/2025\/03\/6-1024x1024.jpg",1024,1024,true],"cvmm-small":["https:\/\/radioclubedeinhapim.com.br\/wp-content\/uploads\/2025\/03\/6-130x95.jpg",130,95,true],"full":["https:\/\/radioclubedeinhapim.com.br\/wp-content\/uploads\/2025\/03\/6.jpg",1080,1080,false]},"categories_names":{"5":{"name":"Not\u00edcias","link":"https:\/\/radioclubedeinhapim.com.br\/index.php\/category\/noticias\/"}},"tags_names":[],"comments_number":"0","_links":{"self":[{"href":"https:\/\/radioclubedeinhapim.com.br\/index.php\/wp-json\/wp\/v2\/posts\/4388","targetHints":{"allow":["GET"]}}],"collection":[{"href":"https:\/\/radioclubedeinhapim.com.br\/index.php\/wp-json\/wp\/v2\/posts"}],"about":[{"href":"https:\/\/radioclubedeinhapim.com.br\/index.php\/wp-json\/wp\/v2\/types\/post"}],"author":[{"embeddable":true,"href":"https:\/\/radioclubedeinhapim.com.br\/index.php\/wp-json\/wp\/v2\/users\/2"}],"replies":[{"embeddable":true,"href":"https:\/\/radioclubedeinhapim.com.br\/index.php\/wp-json\/wp\/v2\/comments?post=4388"}],"version-history":[{"count":1,"href":"https:\/\/radioclubedeinhapim.com.br\/index.php\/wp-json\/wp\/v2\/posts\/4388\/revisions"}],"predecessor-version":[{"id":4390,"href":"https:\/\/radioclubedeinhapim.com.br\/index.php\/wp-json\/wp\/v2\/posts\/4388\/revisions\/4390"}],"wp:featuredmedia":[{"embeddable":true,"href":"https:\/\/radioclubedeinhapim.com.br\/index.php\/wp-json\/wp\/v2\/media\/4389"}],"wp:attachment":[{"href":"https:\/\/radioclubedeinhapim.com.br\/index.php\/wp-json\/wp\/v2\/media?parent=4388"}],"wp:term":[{"taxonomy":"category","embeddable":true,"href":"https:\/\/radioclubedeinhapim.com.br\/index.php\/wp-json\/wp\/v2\/categories?post=4388"},{"taxonomy":"post_tag","embeddable":true,"href":"https:\/\/radioclubedeinhapim.com.br\/index.php\/wp-json\/wp\/v2\/tags?post=4388"}],"curies":[{"name":"wp","href":"https:\/\/api.w.org\/{rel}","templated":true}]}}