{"id":4539,"date":"2025-03-25T12:44:57","date_gmt":"2025-03-25T15:44:57","guid":{"rendered":"https:\/\/radioclubedeinhapim.com.br\/?p=4539"},"modified":"2025-03-25T12:44:57","modified_gmt":"2025-03-25T15:44:57","slug":"homicidio-no-corrego-do-elias-zona-rural-de-inhapim-mpmg-afirma-em-denuncia-que-vitima-foi-confundida-com-outro-alvo","status":"publish","type":"post","link":"https:\/\/radioclubedeinhapim.com.br\/index.php\/2025\/03\/25\/homicidio-no-corrego-do-elias-zona-rural-de-inhapim-mpmg-afirma-em-denuncia-que-vitima-foi-confundida-com-outro-alvo\/","title":{"rendered":"Homic\u00eddio no C\u00f3rrego do Elias, Zona Rural de Inhapim: MPMG afirma em den\u00fancia que v\u00edtima foi confundida com outro alvo"},"content":{"rendered":"\n<p>O <a><\/a>Minist\u00e9rio P\u00fablico de Minas Gerais, por meio da 2\u00aa Promotoria de Justi\u00e7a de Inhapim, sob a responsabilidade do Promotor de Justi\u00e7a Jonas Junio Linhares Costa Monteiro, convoca a popula\u00e7\u00e3o para o Tribunal do J\u00fari que ocorrer\u00e1 no dia 31 de mar\u00e7o de 2025, \u00e0s 8h, no F\u00f3rum Anast\u00e1cio Chaves, em Inhapim\/MG. O julgamento envolve dois r\u00e9us acusados de homic\u00eddio qualificado, ocorrido em 20 de outubro de 2016, no C\u00f3rrego do Elias, zona rural de Inhapim.<\/p>\n\n\n\n<p>Os r\u00e9us, \u00e0 \u00e9poca com 20 anos de idade, s\u00e3o acusados de cometerem um crime motivado por desentendimentos pessoais e ci\u00fames possessivos. O mandante do homic\u00eddio, um dos r\u00e9us, teria cometido o delito por motivo f\u00fatil, utilizando recurso que dificultou a defesa da v\u00edtima. O corr\u00e9u, por sua vez, \u00e9 acusado de homic\u00eddio qualificado com motivo torpe e tamb\u00e9m com recurso que dificultou a defesa da v\u00edtima. A execu\u00e7\u00e3o do crime foi realizada a pedido do mandante.<\/p>\n\n\n\n<p>De acordo com a den\u00fancia, dois homens invadiram a resid\u00eancia da v\u00edtima, que estava com sua esposa gr\u00e1vida e familiares. Ap\u00f3s simular um assalto, isolaram a v\u00edtima e efetuaram quatro disparos de arma de fogo contra ela. O Minist\u00e9rio P\u00fablico afirma, na den\u00fancia, que a v\u00edtima foi confundida com outra pessoa envolvida em um desentendimento anterior com o mandante do crime, devido \u00e0 semelhan\u00e7a f\u00edsica entre ambos. O homem que teria sido o verdadeiro alvo n\u00e3o estava em casa no momento dos fatos.<\/p>\n\n\n\n<p>O crime teria ra\u00edzes em desentendimentos passados, exacerbados por ci\u00fames possessivos do mandante, que contratou o corr\u00e9u para cometer o homic\u00eddio. O processo tramita na 1\u00aa Vara da Comarca de Inhapim, e, caso os r\u00e9us sejam condenados, as penas poder\u00e3o variar entre 12 e 30 anos de reclus\u00e3o.<\/p>\n\n\n\n<p>O julgamento reflete o compromisso da Justi\u00e7a com o combate \u00e0 impunidade e com a busca pela justi\u00e7a para os familiares da v\u00edtima e para a sociedade de Inhapim, refor\u00e7ando a import\u00e2ncia da resposta do sistema judici\u00e1rio aos crimes que abalam a tranquilidade e a seguran\u00e7a da comunidade local.<\/p>\n","protected":false},"excerpt":{"rendered":"<p>O Minist\u00e9rio P\u00fablico de Minas Gerais, por meio da 2\u00aa Promotoria de Justi\u00e7a de Inhapim, sob a responsabilidade do Promotor de Justi\u00e7a Jonas Junio Linhares Costa Monteiro, convoca a popula\u00e7\u00e3o para o Tribunal do J\u00fari que ocorrer\u00e1 no dia 31 de mar\u00e7o de 2025, \u00e0s 8h, no F\u00f3rum Anast\u00e1cio Chaves, em Inhapim\/MG. O julgamento envolve [&hellip;]<\/p>\n","protected":false},"author":2,"featured_media":4540,"comment_status":"open","ping_status":"open","sticky":false,"template":"","format":"standard","meta":{"footnotes":""},"categories":[5],"tags":[],"class_list":["post-4539","post","type-post","status-publish","format-standard","has-post-thumbnail","hentry","category-noticias"],"wpmagazine_modules_lite_featured_media_urls":{"thumbnail":["https:\/\/radioclubedeinhapim.com.br\/wp-content\/uploads\/2025\/03\/Copia-de-Inserir-um-subtitulo-2025-03-25T111916.465-150x150.jpg",150,150,true],"cvmm-medium":["https:\/\/radioclubedeinhapim.com.br\/wp-content\/uploads\/2025\/03\/Copia-de-Inserir-um-subtitulo-2025-03-25T111916.465-300x300.jpg",300,300,true],"cvmm-medium-plus":["https:\/\/radioclubedeinhapim.com.br\/wp-content\/uploads\/2025\/03\/Copia-de-Inserir-um-subtitulo-2025-03-25T111916.465-305x207.jpg",305,207,true],"cvmm-portrait":["https:\/\/radioclubedeinhapim.com.br\/wp-content\/uploads\/2025\/03\/Copia-de-Inserir-um-subtitulo-2025-03-25T111916.465-400x600.jpg",400,600,true],"cvmm-medium-square":["https:\/\/radioclubedeinhapim.com.br\/wp-content\/uploads\/2025\/03\/Copia-de-Inserir-um-subtitulo-2025-03-25T111916.465-600x600.jpg",600,600,true],"cvmm-large":["https:\/\/radioclubedeinhapim.com.br\/wp-content\/uploads\/2025\/03\/Copia-de-Inserir-um-subtitulo-2025-03-25T111916.465-1024x1024.jpg",1024,1024,true],"cvmm-small":["https:\/\/radioclubedeinhapim.com.br\/wp-content\/uploads\/2025\/03\/Copia-de-Inserir-um-subtitulo-2025-03-25T111916.465-130x95.jpg",130,95,true],"full":["https:\/\/radioclubedeinhapim.com.br\/wp-content\/uploads\/2025\/03\/Copia-de-Inserir-um-subtitulo-2025-03-25T111916.465.jpg",1080,1080,false]},"categories_names":{"5":{"name":"Not\u00edcias","link":"https:\/\/radioclubedeinhapim.com.br\/index.php\/category\/noticias\/"}},"tags_names":[],"comments_number":"0","_links":{"self":[{"href":"https:\/\/radioclubedeinhapim.com.br\/index.php\/wp-json\/wp\/v2\/posts\/4539","targetHints":{"allow":["GET"]}}],"collection":[{"href":"https:\/\/radioclubedeinhapim.com.br\/index.php\/wp-json\/wp\/v2\/posts"}],"about":[{"href":"https:\/\/radioclubedeinhapim.com.br\/index.php\/wp-json\/wp\/v2\/types\/post"}],"author":[{"embeddable":true,"href":"https:\/\/radioclubedeinhapim.com.br\/index.php\/wp-json\/wp\/v2\/users\/2"}],"replies":[{"embeddable":true,"href":"https:\/\/radioclubedeinhapim.com.br\/index.php\/wp-json\/wp\/v2\/comments?post=4539"}],"version-history":[{"count":1,"href":"https:\/\/radioclubedeinhapim.com.br\/index.php\/wp-json\/wp\/v2\/posts\/4539\/revisions"}],"predecessor-version":[{"id":4541,"href":"https:\/\/radioclubedeinhapim.com.br\/index.php\/wp-json\/wp\/v2\/posts\/4539\/revisions\/4541"}],"wp:featuredmedia":[{"embeddable":true,"href":"https:\/\/radioclubedeinhapim.com.br\/index.php\/wp-json\/wp\/v2\/media\/4540"}],"wp:attachment":[{"href":"https:\/\/radioclubedeinhapim.com.br\/index.php\/wp-json\/wp\/v2\/media?parent=4539"}],"wp:term":[{"taxonomy":"category","embeddable":true,"href":"https:\/\/radioclubedeinhapim.com.br\/index.php\/wp-json\/wp\/v2\/categories?post=4539"},{"taxonomy":"post_tag","embeddable":true,"href":"https:\/\/radioclubedeinhapim.com.br\/index.php\/wp-json\/wp\/v2\/tags?post=4539"}],"curies":[{"name":"wp","href":"https:\/\/api.w.org\/{rel}","templated":true}]}}