{"id":4601,"date":"2025-03-31T08:57:59","date_gmt":"2025-03-31T11:57:59","guid":{"rendered":"https:\/\/radioclubedeinhapim.com.br\/?p=4601"},"modified":"2025-03-31T08:57:59","modified_gmt":"2025-03-31T11:57:59","slug":"deputado-nikolas-ferreira-ironiza-manifestacoes-da-esquerda-contra-anistia-e-provoca-felipe-neto","status":"publish","type":"post","link":"https:\/\/radioclubedeinhapim.com.br\/index.php\/2025\/03\/31\/deputado-nikolas-ferreira-ironiza-manifestacoes-da-esquerda-contra-anistia-e-provoca-felipe-neto\/","title":{"rendered":"Deputado Nikolas Ferreira ironiza manifesta\u00e7\u00f5es da esquerda contra anistia e provoca Felipe Neto"},"content":{"rendered":"\n<p>O deputado federal Nikolas Ferreira (PL) usou suas redes sociais para ironizar as manifesta\u00e7\u00f5es da esquerda que aconteceram neste domingo (30) contra a anistia.<\/p>\n\n\n\n<p>O parlamentar postou fotos de alguns atos que aconteceram nas capitais e questionou se o influenciador digital Felipe Neto participou de alguma manifesta\u00e7\u00e3o.<\/p>\n\n\n\n<p>\u201cPessoal, algu\u00e9m tem uma selfie do Felipe Neto hoje no ato contra a anistia? Ouvi dizer que lotou\u201d, escreveu Nikolas.<\/p>\n\n\n\n<p>\u201cA esquerda conseguiu fazer uma manifesta\u00e7\u00e3o t\u00e3o grande, mas t\u00e3o grande, que d\u00e1 pra contar quantas pessoas foram na foto. Eu contei 44 e voc\u00eas?\u201d, continuou o deputado.<\/p>\n\n\n\n<p>Neste domingo, v\u00e1rias capitais tiveram atos contra a anistia aos condenados pelos atos antidemocr\u00e1ticos de 8 de janeiro de 2023, em Bras\u00edlia. O protesto acontece na v\u00e9spera de 31 de mar\u00e7o &#8211; data do golpe que derrubou a presid\u00eancia de Jo\u00e3o Goulart em 1964 e deu in\u00edcio \u00e0 ditadura militar no Brasil.<\/p>\n","protected":false},"excerpt":{"rendered":"<p>O deputado federal Nikolas Ferreira (PL) usou suas redes sociais para ironizar as manifesta\u00e7\u00f5es da esquerda que aconteceram neste domingo (30) contra a anistia. O parlamentar postou fotos de alguns atos que aconteceram nas capitais e questionou se o influenciador digital Felipe Neto participou de alguma manifesta\u00e7\u00e3o. \u201cPessoal, algu\u00e9m tem uma selfie do Felipe Neto [&hellip;]<\/p>\n","protected":false},"author":2,"featured_media":4602,"comment_status":"open","ping_status":"open","sticky":false,"template":"","format":"standard","meta":{"footnotes":""},"categories":[5],"tags":[],"class_list":["post-4601","post","type-post","status-publish","format-standard","has-post-thumbnail","hentry","category-noticias"],"wpmagazine_modules_lite_featured_media_urls":{"thumbnail":["https:\/\/radioclubedeinhapim.com.br\/wp-content\/uploads\/2025\/03\/Copia-de-Inserir-um-subtitulo-2025-03-31T085850.170-150x150.jpg",150,150,true],"cvmm-medium":["https:\/\/radioclubedeinhapim.com.br\/wp-content\/uploads\/2025\/03\/Copia-de-Inserir-um-subtitulo-2025-03-31T085850.170-300x300.jpg",300,300,true],"cvmm-medium-plus":["https:\/\/radioclubedeinhapim.com.br\/wp-content\/uploads\/2025\/03\/Copia-de-Inserir-um-subtitulo-2025-03-31T085850.170-305x207.jpg",305,207,true],"cvmm-portrait":["https:\/\/radioclubedeinhapim.com.br\/wp-content\/uploads\/2025\/03\/Copia-de-Inserir-um-subtitulo-2025-03-31T085850.170-400x600.jpg",400,600,true],"cvmm-medium-square":["https:\/\/radioclubedeinhapim.com.br\/wp-content\/uploads\/2025\/03\/Copia-de-Inserir-um-subtitulo-2025-03-31T085850.170-600x600.jpg",600,600,true],"cvmm-large":["https:\/\/radioclubedeinhapim.com.br\/wp-content\/uploads\/2025\/03\/Copia-de-Inserir-um-subtitulo-2025-03-31T085850.170-1024x1024.jpg",1024,1024,true],"cvmm-small":["https:\/\/radioclubedeinhapim.com.br\/wp-content\/uploads\/2025\/03\/Copia-de-Inserir-um-subtitulo-2025-03-31T085850.170-130x95.jpg",130,95,true],"full":["https:\/\/radioclubedeinhapim.com.br\/wp-content\/uploads\/2025\/03\/Copia-de-Inserir-um-subtitulo-2025-03-31T085850.170.jpg",1080,1080,false]},"categories_names":{"5":{"name":"Not\u00edcias","link":"https:\/\/radioclubedeinhapim.com.br\/index.php\/category\/noticias\/"}},"tags_names":[],"comments_number":"0","_links":{"self":[{"href":"https:\/\/radioclubedeinhapim.com.br\/index.php\/wp-json\/wp\/v2\/posts\/4601","targetHints":{"allow":["GET"]}}],"collection":[{"href":"https:\/\/radioclubedeinhapim.com.br\/index.php\/wp-json\/wp\/v2\/posts"}],"about":[{"href":"https:\/\/radioclubedeinhapim.com.br\/index.php\/wp-json\/wp\/v2\/types\/post"}],"author":[{"embeddable":true,"href":"https:\/\/radioclubedeinhapim.com.br\/index.php\/wp-json\/wp\/v2\/users\/2"}],"replies":[{"embeddable":true,"href":"https:\/\/radioclubedeinhapim.com.br\/index.php\/wp-json\/wp\/v2\/comments?post=4601"}],"version-history":[{"count":1,"href":"https:\/\/radioclubedeinhapim.com.br\/index.php\/wp-json\/wp\/v2\/posts\/4601\/revisions"}],"predecessor-version":[{"id":4603,"href":"https:\/\/radioclubedeinhapim.com.br\/index.php\/wp-json\/wp\/v2\/posts\/4601\/revisions\/4603"}],"wp:featuredmedia":[{"embeddable":true,"href":"https:\/\/radioclubedeinhapim.com.br\/index.php\/wp-json\/wp\/v2\/media\/4602"}],"wp:attachment":[{"href":"https:\/\/radioclubedeinhapim.com.br\/index.php\/wp-json\/wp\/v2\/media?parent=4601"}],"wp:term":[{"taxonomy":"category","embeddable":true,"href":"https:\/\/radioclubedeinhapim.com.br\/index.php\/wp-json\/wp\/v2\/categories?post=4601"},{"taxonomy":"post_tag","embeddable":true,"href":"https:\/\/radioclubedeinhapim.com.br\/index.php\/wp-json\/wp\/v2\/tags?post=4601"}],"curies":[{"name":"wp","href":"https:\/\/api.w.org\/{rel}","templated":true}]}}