{"id":4667,"date":"2025-04-04T11:53:43","date_gmt":"2025-04-04T14:53:43","guid":{"rendered":"https:\/\/radioclubedeinhapim.com.br\/?p=4667"},"modified":"2025-04-04T11:53:43","modified_gmt":"2025-04-04T14:53:43","slug":"homem-e-preso-por-furtar-a-casa-do-proprio-irmao-em-sao-sebastiao-do-anta-companheira-tambem-acaba-detida","status":"publish","type":"post","link":"https:\/\/radioclubedeinhapim.com.br\/index.php\/2025\/04\/04\/homem-e-preso-por-furtar-a-casa-do-proprio-irmao-em-sao-sebastiao-do-anta-companheira-tambem-acaba-detida\/","title":{"rendered":"Homem \u00e9 preso por furtar a casa do pr\u00f3prio irm\u00e3o em S\u00e3o Sebasti\u00e3o do Anta; companheira tamb\u00e9m acaba detida"},"content":{"rendered":"\n<p><a><\/a>Na manh\u00e3 da \u00faltima quinta-feira (03), a Pol\u00edcia Militar de Minas Gerais, por meio do Destacamento de S\u00e3o Sebasti\u00e3o do Anta, atendeu a uma ocorr\u00eancia de furto a resid\u00eancia no centro da cidade, que surpreendeu pela aud\u00e1cia e pelos la\u00e7os familiares envolvidos.<\/p>\n\n\n\n<p>Segundo relato da v\u00edtima, ele havia se ausentado de casa no domingo (30) e, ao retornar, encontrou a porta arrombada. Do im\u00f3vel foram levados diversos itens, incluindo uma televis\u00e3o de 32 polegadas, um tanquinho de 20 kg, uma caixa de som e um micro-ondas branco.<\/p>\n\n\n\n<p>Durante as dilig\u00eancias, os policiais militares receberam uma den\u00fancia de que o poss\u00edvel autor do furto seria o pr\u00f3prio irm\u00e3o da v\u00edtima. Ao ser localizado e abordado, o suspeito apresentou uma vers\u00e3o pouco convincente: disse ter encontrado a casa aberta e que, coincidentemente, uma viatura teria passado no momento, pedindo que ele guardasse a caixa de som para evitar um furto.<\/p>\n\n\n\n<p>A vers\u00e3o, por\u00e9m, foi prontamente desmentida pela equipe policial citada, e o homem acabou entrando em contradi\u00e7\u00e3o. Questionado sobre os itens furtados, ele negou t\u00ea-los em sua resid\u00eancia, mas autorizou a entrada dos militares para averigua\u00e7\u00e3o. Durante a vistoria, todos os objetos subtra\u00eddos foram encontrados no local.<\/p>\n\n\n\n<p>Diante dos fatos, o suspeito recebeu voz de pris\u00e3o em flagrante pelo crime de furto. No momento da condu\u00e7\u00e3o, sua companheira tentou assumir a autoria do crime, alegando ter realizado o furto sozinha. Contudo, por utilizar muletas e ter limita\u00e7\u00f5es f\u00edsicas devido a um problema na coluna, os militares consideraram improv\u00e1vel que ela tivesse agido sem ajuda, principalmente pelo peso dos itens levados.<\/p>\n\n\n\n<p>Apesar da tentativa de isen\u00e7\u00e3o do companheiro, ela tamb\u00e9m foi presa sob suspeita de participa\u00e7\u00e3o no crime. O casal foi conduzido \u00e0 Delegacia de Pol\u00edcia Civil, onde foram adotadas as provid\u00eancias cab\u00edveis.<\/p>\n\n\n\n<p>A ocorr\u00eancia chocou a comunidade local, n\u00e3o apenas pelo crime em si, mas pela quebra de confian\u00e7a entre familiares. O caso segue agora sob investiga\u00e7\u00e3o da Pol\u00edcia Civil.<\/p>\n\n\n\n<p>62\u00ba BPM<\/p>\n","protected":false},"excerpt":{"rendered":"<p>Na manh\u00e3 da \u00faltima quinta-feira (03), a Pol\u00edcia Militar de Minas Gerais, por meio do Destacamento de S\u00e3o Sebasti\u00e3o do Anta, atendeu a uma ocorr\u00eancia de furto a resid\u00eancia no centro da cidade, que surpreendeu pela aud\u00e1cia e pelos la\u00e7os familiares envolvidos. Segundo relato da v\u00edtima, ele havia se ausentado de casa no domingo (30) [&hellip;]<\/p>\n","protected":false},"author":2,"featured_media":4668,"comment_status":"open","ping_status":"open","sticky":false,"template":"","format":"standard","meta":{"footnotes":""},"categories":[5],"tags":[],"class_list":["post-4667","post","type-post","status-publish","format-standard","has-post-thumbnail","hentry","category-noticias"],"wpmagazine_modules_lite_featured_media_urls":{"thumbnail":["https:\/\/radioclubedeinhapim.com.br\/wp-content\/uploads\/2025\/04\/Entrevista-com-Sidnei-lopes-da-costa-chefe-da-administracao-fazendaria-de-caratinga-13-150x150.jpg",150,150,true],"cvmm-medium":["https:\/\/radioclubedeinhapim.com.br\/wp-content\/uploads\/2025\/04\/Entrevista-com-Sidnei-lopes-da-costa-chefe-da-administracao-fazendaria-de-caratinga-13-300x300.jpg",300,300,true],"cvmm-medium-plus":["https:\/\/radioclubedeinhapim.com.br\/wp-content\/uploads\/2025\/04\/Entrevista-com-Sidnei-lopes-da-costa-chefe-da-administracao-fazendaria-de-caratinga-13-305x207.jpg",305,207,true],"cvmm-portrait":["https:\/\/radioclubedeinhapim.com.br\/wp-content\/uploads\/2025\/04\/Entrevista-com-Sidnei-lopes-da-costa-chefe-da-administracao-fazendaria-de-caratinga-13-400x600.jpg",400,600,true],"cvmm-medium-square":["https:\/\/radioclubedeinhapim.com.br\/wp-content\/uploads\/2025\/04\/Entrevista-com-Sidnei-lopes-da-costa-chefe-da-administracao-fazendaria-de-caratinga-13-600x600.jpg",600,600,true],"cvmm-large":["https:\/\/radioclubedeinhapim.com.br\/wp-content\/uploads\/2025\/04\/Entrevista-com-Sidnei-lopes-da-costa-chefe-da-administracao-fazendaria-de-caratinga-13-1024x1024.jpg",1024,1024,true],"cvmm-small":["https:\/\/radioclubedeinhapim.com.br\/wp-content\/uploads\/2025\/04\/Entrevista-com-Sidnei-lopes-da-costa-chefe-da-administracao-fazendaria-de-caratinga-13-130x95.jpg",130,95,true],"full":["https:\/\/radioclubedeinhapim.com.br\/wp-content\/uploads\/2025\/04\/Entrevista-com-Sidnei-lopes-da-costa-chefe-da-administracao-fazendaria-de-caratinga-13.jpg",1080,1080,false]},"categories_names":{"5":{"name":"Not\u00edcias","link":"https:\/\/radioclubedeinhapim.com.br\/index.php\/category\/noticias\/"}},"tags_names":[],"comments_number":"0","_links":{"self":[{"href":"https:\/\/radioclubedeinhapim.com.br\/index.php\/wp-json\/wp\/v2\/posts\/4667","targetHints":{"allow":["GET"]}}],"collection":[{"href":"https:\/\/radioclubedeinhapim.com.br\/index.php\/wp-json\/wp\/v2\/posts"}],"about":[{"href":"https:\/\/radioclubedeinhapim.com.br\/index.php\/wp-json\/wp\/v2\/types\/post"}],"author":[{"embeddable":true,"href":"https:\/\/radioclubedeinhapim.com.br\/index.php\/wp-json\/wp\/v2\/users\/2"}],"replies":[{"embeddable":true,"href":"https:\/\/radioclubedeinhapim.com.br\/index.php\/wp-json\/wp\/v2\/comments?post=4667"}],"version-history":[{"count":1,"href":"https:\/\/radioclubedeinhapim.com.br\/index.php\/wp-json\/wp\/v2\/posts\/4667\/revisions"}],"predecessor-version":[{"id":4669,"href":"https:\/\/radioclubedeinhapim.com.br\/index.php\/wp-json\/wp\/v2\/posts\/4667\/revisions\/4669"}],"wp:featuredmedia":[{"embeddable":true,"href":"https:\/\/radioclubedeinhapim.com.br\/index.php\/wp-json\/wp\/v2\/media\/4668"}],"wp:attachment":[{"href":"https:\/\/radioclubedeinhapim.com.br\/index.php\/wp-json\/wp\/v2\/media?parent=4667"}],"wp:term":[{"taxonomy":"category","embeddable":true,"href":"https:\/\/radioclubedeinhapim.com.br\/index.php\/wp-json\/wp\/v2\/categories?post=4667"},{"taxonomy":"post_tag","embeddable":true,"href":"https:\/\/radioclubedeinhapim.com.br\/index.php\/wp-json\/wp\/v2\/tags?post=4667"}],"curies":[{"name":"wp","href":"https:\/\/api.w.org\/{rel}","templated":true}]}}