{"id":4698,"date":"2025-04-07T09:11:15","date_gmt":"2025-04-07T12:11:15","guid":{"rendered":"https:\/\/radioclubedeinhapim.com.br\/?p=4698"},"modified":"2025-04-07T09:11:15","modified_gmt":"2025-04-07T12:11:15","slug":"kdner-valadares-e-eleito-presidente-do-conselho-de-administracao-do-sicoob-credcooper","status":"publish","type":"post","link":"https:\/\/radioclubedeinhapim.com.br\/index.php\/2025\/04\/07\/kdner-valadares-e-eleito-presidente-do-conselho-de-administracao-do-sicoob-credcooper\/","title":{"rendered":"Kdner Valadares \u00e9 eleito presidente do Conselho de Administra\u00e7\u00e3o do Sicoob Credcooper"},"content":{"rendered":"\n<p><a><\/a>Com uma expressiva vota\u00e7\u00e3o, Kdner Andrade Valadares foi eleito presidente do Conselho de Administra\u00e7\u00e3o do Sicoob Credcooper para o mandato de 2025 a 2029. A elei\u00e7\u00e3o ocorreu neste domingo (6) e teve participa\u00e7\u00e3o recorde dos cooperados.<\/p>\n\n\n\n<p>Representando a Chapa 2, Kdner conquistou 7.977 votos, o equivalente a 63% dos votos v\u00e1lidos, superando a Chapa 1, liderada por Vagner, que obteve 4.735 votos (37%). Ao todo, foram registrados 12.712 votos, em um processo totalmente digital, que refor\u00e7a a transpar\u00eancia e o engajamento da comunidade cooperativista.<\/p>\n\n\n\n<p>Figura conhecida e respeitada na regi\u00e3o, Kdner Valadares chega \u00e0 presid\u00eancia com o compromisso de promover uma gest\u00e3o inovadora, com foco na amplia\u00e7\u00e3o dos benef\u00edcios aos cooperados e no fortalecimento da cooperativa. Ao seu lado, comp\u00f5em a nova diretoria Giovani Vieira, Silas Lucas, Warley Amaral e Jairo Sabino, nomes que integram um projeto de transforma\u00e7\u00e3o e crescimento sustent\u00e1vel para o Sicoob Credcooper.<\/p>\n\n\n\n<p>A ampla vota\u00e7\u00e3o reflete o desejo dos cooperados por uma administra\u00e7\u00e3o pr\u00f3xima e participativa. A nova gest\u00e3o assume com a miss\u00e3o de consolidar o papel da cooperativa como agente de desenvolvimento econ\u00f4mico e social nas comunidades onde atua.<\/p>\n","protected":false},"excerpt":{"rendered":"<p>Com uma expressiva vota\u00e7\u00e3o, Kdner Andrade Valadares foi eleito presidente do Conselho de Administra\u00e7\u00e3o do Sicoob Credcooper para o mandato de 2025 a 2029. A elei\u00e7\u00e3o ocorreu neste domingo (6) e teve participa\u00e7\u00e3o recorde dos cooperados. Representando a Chapa 2, Kdner conquistou 7.977 votos, o equivalente a 63% dos votos v\u00e1lidos, superando a Chapa 1, [&hellip;]<\/p>\n","protected":false},"author":2,"featured_media":4699,"comment_status":"open","ping_status":"open","sticky":false,"template":"","format":"standard","meta":{"footnotes":""},"categories":[5],"tags":[],"class_list":["post-4698","post","type-post","status-publish","format-standard","has-post-thumbnail","hentry","category-noticias"],"wpmagazine_modules_lite_featured_media_urls":{"thumbnail":["https:\/\/radioclubedeinhapim.com.br\/wp-content\/uploads\/2025\/04\/Copia-de-Inserir-um-subtitulo-2025-04-07T091208.616-150x150.jpg",150,150,true],"cvmm-medium":["https:\/\/radioclubedeinhapim.com.br\/wp-content\/uploads\/2025\/04\/Copia-de-Inserir-um-subtitulo-2025-04-07T091208.616-300x300.jpg",300,300,true],"cvmm-medium-plus":["https:\/\/radioclubedeinhapim.com.br\/wp-content\/uploads\/2025\/04\/Copia-de-Inserir-um-subtitulo-2025-04-07T091208.616-305x207.jpg",305,207,true],"cvmm-portrait":["https:\/\/radioclubedeinhapim.com.br\/wp-content\/uploads\/2025\/04\/Copia-de-Inserir-um-subtitulo-2025-04-07T091208.616-400x600.jpg",400,600,true],"cvmm-medium-square":["https:\/\/radioclubedeinhapim.com.br\/wp-content\/uploads\/2025\/04\/Copia-de-Inserir-um-subtitulo-2025-04-07T091208.616-600x600.jpg",600,600,true],"cvmm-large":["https:\/\/radioclubedeinhapim.com.br\/wp-content\/uploads\/2025\/04\/Copia-de-Inserir-um-subtitulo-2025-04-07T091208.616-1024x1024.jpg",1024,1024,true],"cvmm-small":["https:\/\/radioclubedeinhapim.com.br\/wp-content\/uploads\/2025\/04\/Copia-de-Inserir-um-subtitulo-2025-04-07T091208.616-130x95.jpg",130,95,true],"full":["https:\/\/radioclubedeinhapim.com.br\/wp-content\/uploads\/2025\/04\/Copia-de-Inserir-um-subtitulo-2025-04-07T091208.616.jpg",1080,1080,false]},"categories_names":{"5":{"name":"Not\u00edcias","link":"https:\/\/radioclubedeinhapim.com.br\/index.php\/category\/noticias\/"}},"tags_names":[],"comments_number":"0","_links":{"self":[{"href":"https:\/\/radioclubedeinhapim.com.br\/index.php\/wp-json\/wp\/v2\/posts\/4698","targetHints":{"allow":["GET"]}}],"collection":[{"href":"https:\/\/radioclubedeinhapim.com.br\/index.php\/wp-json\/wp\/v2\/posts"}],"about":[{"href":"https:\/\/radioclubedeinhapim.com.br\/index.php\/wp-json\/wp\/v2\/types\/post"}],"author":[{"embeddable":true,"href":"https:\/\/radioclubedeinhapim.com.br\/index.php\/wp-json\/wp\/v2\/users\/2"}],"replies":[{"embeddable":true,"href":"https:\/\/radioclubedeinhapim.com.br\/index.php\/wp-json\/wp\/v2\/comments?post=4698"}],"version-history":[{"count":1,"href":"https:\/\/radioclubedeinhapim.com.br\/index.php\/wp-json\/wp\/v2\/posts\/4698\/revisions"}],"predecessor-version":[{"id":4700,"href":"https:\/\/radioclubedeinhapim.com.br\/index.php\/wp-json\/wp\/v2\/posts\/4698\/revisions\/4700"}],"wp:featuredmedia":[{"embeddable":true,"href":"https:\/\/radioclubedeinhapim.com.br\/index.php\/wp-json\/wp\/v2\/media\/4699"}],"wp:attachment":[{"href":"https:\/\/radioclubedeinhapim.com.br\/index.php\/wp-json\/wp\/v2\/media?parent=4698"}],"wp:term":[{"taxonomy":"category","embeddable":true,"href":"https:\/\/radioclubedeinhapim.com.br\/index.php\/wp-json\/wp\/v2\/categories?post=4698"},{"taxonomy":"post_tag","embeddable":true,"href":"https:\/\/radioclubedeinhapim.com.br\/index.php\/wp-json\/wp\/v2\/tags?post=4698"}],"curies":[{"name":"wp","href":"https:\/\/api.w.org\/{rel}","templated":true}]}}