{"id":4745,"date":"2025-04-09T12:33:52","date_gmt":"2025-04-09T15:33:52","guid":{"rendered":"https:\/\/radioclubedeinhapim.com.br\/?p=4745"},"modified":"2025-04-09T12:33:52","modified_gmt":"2025-04-09T15:33:52","slug":"suspeito-de-chefiar-faccao-criminosa-em-miracema-e-preso-no-distrito-de-vermelho-zona-rural-de-muriae","status":"publish","type":"post","link":"https:\/\/radioclubedeinhapim.com.br\/index.php\/2025\/04\/09\/suspeito-de-chefiar-faccao-criminosa-em-miracema-e-preso-no-distrito-de-vermelho-zona-rural-de-muriae\/","title":{"rendered":"Suspeito de chefiar fac\u00e7\u00e3o criminosa em Miracema \u00e9 preso no distrito de Vermelho, zona rural de Muria\u00e9"},"content":{"rendered":"\n<p><a><\/a>Um homem apontado como gerente da fac\u00e7\u00e3o criminosa Comando Vermelho, com atua\u00e7\u00e3o em Miracema (RJ), foi preso pela Pol\u00edcia Militar na noite desta ter\u00e7a-feira ( 08 ), no distrito de Vermelho, zona rural de Muria\u00e9 (MG).<\/p>\n\n\n\n<p>O suspeito, que tinha um mandado de pris\u00e3o em aberto, foi localizado em uma resid\u00eancia na Rua Santa Teresa. Ele ainda tentou fugir ao notar a presen\u00e7a dos policiais, mas foi rapidamente contido pela equipe. Durante a abordagem, nada de il\u00edcito foi encontrado no local.<\/p>\n\n\n\n<p>De acordo com informa\u00e7\u00f5es da PM, o homem \u00e9 conhecido por envolvimento com o tr\u00e1fico de drogas e \u00e9 investigado por um homic\u00eddio ocorrido em Miracema. Ainda segundo os levantamentos, ele estaria morando em Muria\u00e9 h\u00e1 cerca de seis meses, possivelmente em tentativa de se manter foragido.<\/p>\n\n\n\n<p>Ap\u00f3s a pris\u00e3o, o indiv\u00edduo foi encaminhado \u00e0 Delegacia de Pol\u00edcia Civil e segue \u00e0 disposi\u00e7\u00e3o da Justi\u00e7a.<\/p>\n","protected":false},"excerpt":{"rendered":"<p>Um homem apontado como gerente da fac\u00e7\u00e3o criminosa Comando Vermelho, com atua\u00e7\u00e3o em Miracema (RJ), foi preso pela Pol\u00edcia Militar na noite desta ter\u00e7a-feira ( 08 ), no distrito de Vermelho, zona rural de Muria\u00e9 (MG). O suspeito, que tinha um mandado de pris\u00e3o em aberto, foi localizado em uma resid\u00eancia na Rua Santa Teresa. [&hellip;]<\/p>\n","protected":false},"author":2,"featured_media":4746,"comment_status":"open","ping_status":"open","sticky":false,"template":"","format":"standard","meta":{"footnotes":""},"categories":[5],"tags":[],"class_list":["post-4745","post","type-post","status-publish","format-standard","has-post-thumbnail","hentry","category-noticias"],"wpmagazine_modules_lite_featured_media_urls":{"thumbnail":["https:\/\/radioclubedeinhapim.com.br\/wp-content\/uploads\/2025\/04\/Copia-de-Inserir-um-subtitulo-2025-04-09T111948.247-150x150.jpg",150,150,true],"cvmm-medium":["https:\/\/radioclubedeinhapim.com.br\/wp-content\/uploads\/2025\/04\/Copia-de-Inserir-um-subtitulo-2025-04-09T111948.247-300x300.jpg",300,300,true],"cvmm-medium-plus":["https:\/\/radioclubedeinhapim.com.br\/wp-content\/uploads\/2025\/04\/Copia-de-Inserir-um-subtitulo-2025-04-09T111948.247-305x207.jpg",305,207,true],"cvmm-portrait":["https:\/\/radioclubedeinhapim.com.br\/wp-content\/uploads\/2025\/04\/Copia-de-Inserir-um-subtitulo-2025-04-09T111948.247-400x600.jpg",400,600,true],"cvmm-medium-square":["https:\/\/radioclubedeinhapim.com.br\/wp-content\/uploads\/2025\/04\/Copia-de-Inserir-um-subtitulo-2025-04-09T111948.247-600x600.jpg",600,600,true],"cvmm-large":["https:\/\/radioclubedeinhapim.com.br\/wp-content\/uploads\/2025\/04\/Copia-de-Inserir-um-subtitulo-2025-04-09T111948.247-1024x1024.jpg",1024,1024,true],"cvmm-small":["https:\/\/radioclubedeinhapim.com.br\/wp-content\/uploads\/2025\/04\/Copia-de-Inserir-um-subtitulo-2025-04-09T111948.247-130x95.jpg",130,95,true],"full":["https:\/\/radioclubedeinhapim.com.br\/wp-content\/uploads\/2025\/04\/Copia-de-Inserir-um-subtitulo-2025-04-09T111948.247.jpg",1080,1080,false]},"categories_names":{"5":{"name":"Not\u00edcias","link":"https:\/\/radioclubedeinhapim.com.br\/index.php\/category\/noticias\/"}},"tags_names":[],"comments_number":"0","_links":{"self":[{"href":"https:\/\/radioclubedeinhapim.com.br\/index.php\/wp-json\/wp\/v2\/posts\/4745","targetHints":{"allow":["GET"]}}],"collection":[{"href":"https:\/\/radioclubedeinhapim.com.br\/index.php\/wp-json\/wp\/v2\/posts"}],"about":[{"href":"https:\/\/radioclubedeinhapim.com.br\/index.php\/wp-json\/wp\/v2\/types\/post"}],"author":[{"embeddable":true,"href":"https:\/\/radioclubedeinhapim.com.br\/index.php\/wp-json\/wp\/v2\/users\/2"}],"replies":[{"embeddable":true,"href":"https:\/\/radioclubedeinhapim.com.br\/index.php\/wp-json\/wp\/v2\/comments?post=4745"}],"version-history":[{"count":1,"href":"https:\/\/radioclubedeinhapim.com.br\/index.php\/wp-json\/wp\/v2\/posts\/4745\/revisions"}],"predecessor-version":[{"id":4747,"href":"https:\/\/radioclubedeinhapim.com.br\/index.php\/wp-json\/wp\/v2\/posts\/4745\/revisions\/4747"}],"wp:featuredmedia":[{"embeddable":true,"href":"https:\/\/radioclubedeinhapim.com.br\/index.php\/wp-json\/wp\/v2\/media\/4746"}],"wp:attachment":[{"href":"https:\/\/radioclubedeinhapim.com.br\/index.php\/wp-json\/wp\/v2\/media?parent=4745"}],"wp:term":[{"taxonomy":"category","embeddable":true,"href":"https:\/\/radioclubedeinhapim.com.br\/index.php\/wp-json\/wp\/v2\/categories?post=4745"},{"taxonomy":"post_tag","embeddable":true,"href":"https:\/\/radioclubedeinhapim.com.br\/index.php\/wp-json\/wp\/v2\/tags?post=4745"}],"curies":[{"name":"wp","href":"https:\/\/api.w.org\/{rel}","templated":true}]}}