{"id":4748,"date":"2025-04-09T12:34:15","date_gmt":"2025-04-09T15:34:15","guid":{"rendered":"https:\/\/radioclubedeinhapim.com.br\/?p=4748"},"modified":"2025-04-09T12:34:15","modified_gmt":"2025-04-09T15:34:15","slug":"comissao-do-senado-aprova-porte-de-arma-para-advogados","status":"publish","type":"post","link":"https:\/\/radioclubedeinhapim.com.br\/index.php\/2025\/04\/09\/comissao-do-senado-aprova-porte-de-arma-para-advogados\/","title":{"rendered":"Comiss\u00e3o do Senado aprova porte de arma para advogados"},"content":{"rendered":"\n<p>A <a><\/a>Comiss\u00e3o de Seguran\u00e7a P\u00fablica do Senado aprovou nesta ter\u00e7a-feira (<img decoding=\"async\" height=\"16\" width=\"16\" alt=\"\ud83d\ude0e\" src=\"https:\/\/static.xx.fbcdn.net\/images\/emoji.php\/v9\/t83\/1\/16\/1f60e.png\"> projeto que permite o porte de arma de fogo para advogados em todo o territ\u00f3rio nacional. O uso por esses profissionais ser\u00e1 permitido para defesa pessoal. A proposta segue agora para a an\u00e1lise da Comiss\u00e3o de Constitui\u00e7\u00e3o e Justi\u00e7a (CCJ).<\/p>\n\n\n\n<p>O texto foi apresentado pelo senador Fl\u00e1vio Bolsonaro (PL-RJ), que preside a comiss\u00e3o. A proposta recebeu parecer favor\u00e1vel do relator, senador Alessandro Vieira (MDB-SE), que prop\u00f4s ajustes.<\/p>\n\n\n\n<p>Pelo projeto, ser\u00e1 proibido portar a arma em f\u00f3runs, tribunais, estabelecimentos prisionais e outros locais p\u00fablicos ou privados sujeitos a regras pr\u00f3prias de seguran\u00e7a, como estabelecimentos de ensino, igrejas, est\u00e1dios desportivos e clubes.<\/p>\n\n\n\n<p>Para ter o porte, o advogado precisar\u00e1 seguir os requisitos legais estabelecidos em lei e um regulamento pr\u00f3prio que ser\u00e1 elaborado pelo Conselho Federal da Ordem dos Advogados do Brasil (OAB).<\/p>\n\n\n\n<p>Na reuni\u00e3o, o relator negou que a proposta represente uma \u201clibera\u00e7\u00e3o indiscriminada\u201d do acesso \u00e0s armas no pa\u00eds.Em seu parecer, ele argumenta que o projeto equipara advogados aos integrantes do judici\u00e1rio e do Minist\u00e9rio P\u00fablico, que j\u00e1 possuem a prerrogativa de porte.<\/p>\n\n\n\n<p>A comiss\u00e3o aprovou outros tr\u00eas projetos. Uma das propostas agrava penas para os crimes de furto, roubo e recepta\u00e7\u00e3o. A mat\u00e9ria teve relatoria do senador Hamilton Mour\u00e3o (Republicanos-RS) e agora ser\u00e1 analisada pela CCJ.<\/p>\n\n\n\n<p>O colegiado tamb\u00e9m aprovou o projeto que agrava a pena dos crimes de homic\u00eddio, furto, roubo, extors\u00e3o e extors\u00e3o mediante sequestro, contra praticados contra motorista de transporte p\u00fablico, privado ou de aplicativo. O texto tamb\u00e9m segue para an\u00e1lise da CCJ.<\/p>\n\n\n\n<p>Os senadores da comiss\u00e3o tamb\u00e9m aprovaram o projeto que inclui no rol dos crimes hediondos a pr\u00e1tica de corrup\u00e7\u00e3o ativa e passiva. O texto tamb\u00e9m precisar\u00e1 ser analisado pela CCJ.<\/p>\n","protected":false},"excerpt":{"rendered":"<p>A Comiss\u00e3o de Seguran\u00e7a P\u00fablica do Senado aprovou nesta ter\u00e7a-feira ( projeto que permite o porte de arma de fogo para advogados em todo o territ\u00f3rio nacional. O uso por esses profissionais ser\u00e1 permitido para defesa pessoal. A proposta segue agora para a an\u00e1lise da Comiss\u00e3o de Constitui\u00e7\u00e3o e Justi\u00e7a (CCJ). O texto foi apresentado [&hellip;]<\/p>\n","protected":false},"author":2,"featured_media":4749,"comment_status":"open","ping_status":"open","sticky":false,"template":"","format":"standard","meta":{"footnotes":""},"categories":[5],"tags":[],"class_list":["post-4748","post","type-post","status-publish","format-standard","has-post-thumbnail","hentry","category-noticias"],"wpmagazine_modules_lite_featured_media_urls":{"thumbnail":["https:\/\/radioclubedeinhapim.com.br\/wp-content\/uploads\/2025\/04\/Copia-de-Inserir-um-subtitulo-2025-04-09T115356.174-150x150.jpg",150,150,true],"cvmm-medium":["https:\/\/radioclubedeinhapim.com.br\/wp-content\/uploads\/2025\/04\/Copia-de-Inserir-um-subtitulo-2025-04-09T115356.174-300x300.jpg",300,300,true],"cvmm-medium-plus":["https:\/\/radioclubedeinhapim.com.br\/wp-content\/uploads\/2025\/04\/Copia-de-Inserir-um-subtitulo-2025-04-09T115356.174-305x207.jpg",305,207,true],"cvmm-portrait":["https:\/\/radioclubedeinhapim.com.br\/wp-content\/uploads\/2025\/04\/Copia-de-Inserir-um-subtitulo-2025-04-09T115356.174-400x600.jpg",400,600,true],"cvmm-medium-square":["https:\/\/radioclubedeinhapim.com.br\/wp-content\/uploads\/2025\/04\/Copia-de-Inserir-um-subtitulo-2025-04-09T115356.174-600x600.jpg",600,600,true],"cvmm-large":["https:\/\/radioclubedeinhapim.com.br\/wp-content\/uploads\/2025\/04\/Copia-de-Inserir-um-subtitulo-2025-04-09T115356.174-1024x1024.jpg",1024,1024,true],"cvmm-small":["https:\/\/radioclubedeinhapim.com.br\/wp-content\/uploads\/2025\/04\/Copia-de-Inserir-um-subtitulo-2025-04-09T115356.174-130x95.jpg",130,95,true],"full":["https:\/\/radioclubedeinhapim.com.br\/wp-content\/uploads\/2025\/04\/Copia-de-Inserir-um-subtitulo-2025-04-09T115356.174.jpg",1080,1080,false]},"categories_names":{"5":{"name":"Not\u00edcias","link":"https:\/\/radioclubedeinhapim.com.br\/index.php\/category\/noticias\/"}},"tags_names":[],"comments_number":"0","_links":{"self":[{"href":"https:\/\/radioclubedeinhapim.com.br\/index.php\/wp-json\/wp\/v2\/posts\/4748","targetHints":{"allow":["GET"]}}],"collection":[{"href":"https:\/\/radioclubedeinhapim.com.br\/index.php\/wp-json\/wp\/v2\/posts"}],"about":[{"href":"https:\/\/radioclubedeinhapim.com.br\/index.php\/wp-json\/wp\/v2\/types\/post"}],"author":[{"embeddable":true,"href":"https:\/\/radioclubedeinhapim.com.br\/index.php\/wp-json\/wp\/v2\/users\/2"}],"replies":[{"embeddable":true,"href":"https:\/\/radioclubedeinhapim.com.br\/index.php\/wp-json\/wp\/v2\/comments?post=4748"}],"version-history":[{"count":1,"href":"https:\/\/radioclubedeinhapim.com.br\/index.php\/wp-json\/wp\/v2\/posts\/4748\/revisions"}],"predecessor-version":[{"id":4750,"href":"https:\/\/radioclubedeinhapim.com.br\/index.php\/wp-json\/wp\/v2\/posts\/4748\/revisions\/4750"}],"wp:featuredmedia":[{"embeddable":true,"href":"https:\/\/radioclubedeinhapim.com.br\/index.php\/wp-json\/wp\/v2\/media\/4749"}],"wp:attachment":[{"href":"https:\/\/radioclubedeinhapim.com.br\/index.php\/wp-json\/wp\/v2\/media?parent=4748"}],"wp:term":[{"taxonomy":"category","embeddable":true,"href":"https:\/\/radioclubedeinhapim.com.br\/index.php\/wp-json\/wp\/v2\/categories?post=4748"},{"taxonomy":"post_tag","embeddable":true,"href":"https:\/\/radioclubedeinhapim.com.br\/index.php\/wp-json\/wp\/v2\/tags?post=4748"}],"curies":[{"name":"wp","href":"https:\/\/api.w.org\/{rel}","templated":true}]}}