{"id":4751,"date":"2025-04-09T16:05:24","date_gmt":"2025-04-09T19:05:24","guid":{"rendered":"https:\/\/radioclubedeinhapim.com.br\/?p=4751"},"modified":"2025-04-09T16:07:11","modified_gmt":"2025-04-09T19:07:11","slug":"trump-eleva-para-125-a-tarifa-contra-a-china-e-anuncia-reducao-nas-taxas-a-outros-paises","status":"publish","type":"post","link":"https:\/\/radioclubedeinhapim.com.br\/index.php\/2025\/04\/09\/trump-eleva-para-125-a-tarifa-contra-a-china-e-anuncia-reducao-nas-taxas-a-outros-paises\/","title":{"rendered":"Trump eleva para 125% a tarifa contra a China e anuncia redu\u00e7\u00e3o nas taxas a outros pa\u00edses"},"content":{"rendered":"\n<p>O <a><\/a>presidente dos Estados Unidos, Donald Trump, anunciou nesta quarta-feira (9) um novo e expressivo aumento nas tarifas de importa\u00e7\u00e3o aplicadas \u00e0 China, elevando a taxa para 125%, com efeito imediato. A decis\u00e3o marca mais um cap\u00edtulo na j\u00e1 acirrada guerra comercial entre as duas maiores pot\u00eancias econ\u00f4micas do mundo.<\/p>\n\n\n\n<p>\u201cCom base na falta de respeito que a China demonstrou aos mercados mundiais, estou, por meio deste, aumentando a tarifa cobrada da China pelos Estados Unidos da Am\u00e9rica para 125%, com efeito imediato\u201d, escreveu o republicano em sua rede social. Na publica\u00e7\u00e3o, Trump disse esperar que, \u201cem um futuro pr\u00f3ximo, a China perceba que os dias de explora\u00e7\u00e3o dos EUA e de outros pa\u00edses n\u00e3o s\u00e3o mais sustent\u00e1veis ou aceit\u00e1veis\u201d.<\/p>\n\n\n\n<p>O an\u00fancio ocorre em resposta \u00e0 decis\u00e3o de Pequim de elevar para 84% as tarifas sobre produtos norte-americanos, movimento que intensificou ainda mais as tens\u00f5es comerciais. Para al\u00e9m da China, Trump adotou um tom mais conciliador com outros parceiros globais. O presidente autorizou uma &#8220;pausa&#8221; de 90 dias nas tarifas rec\u00edprocas e determinou a redu\u00e7\u00e3o dessas taxas para 10% durante esse per\u00edodo.<\/p>\n\n\n\n<p>Segundo Trump, mais de 75 pa\u00edses procuraram representantes dos EUA, incluindo os Departamentos de Com\u00e9rcio, Tesouro e a ag\u00eancia USTR (encarregada do com\u00e9rcio exterior), para dialogar sobre uma sa\u00edda pac\u00edfica para os conflitos tarif\u00e1rios. \u201cEsses pa\u00edses n\u00e3o retaliaram de forma alguma contra os EUA\u201d, justificou o presidente.<\/p>\n\n\n\n<p>A escalada tarif\u00e1ria com a China teve in\u00edcio em fevereiro, com o acr\u00e9scimo de uma taxa de 10% sobre os produtos chineses, que se somou \u00e0 tarifa j\u00e1 existente. Em 2 de abril, Trump aumentou o percentual em mais 34%. Ap\u00f3s retalia\u00e7\u00f5es chinesas, a Casa Branca respondeu com outros 50%, totalizando 104%. Agora, com o novo aumento, os produtos chineses passam a ser taxados em 125%.<\/p>\n\n\n\n<p>A medida promete repercuss\u00f5es significativas no com\u00e9rcio global e pode afetar cadeias de produ\u00e7\u00e3o ao redor do mundo.<\/p>\n\n\n\n<p><a href=\"https:\/\/www.facebook.com\/photo\/?fbid=1497314214600947&amp;set=a.814962612836114&amp;__cft__[0]=AZVXG85y0lkph3ZxxPM7L_d_8kLeJ8IxiMPbm3Z49sskr0yhdm7cXJkKiaGZxAXTd0_cdcNWUjiFGuqLRw8NN0pmPvU1ZicbdiHnGqAanBGo0oJd-taHryp6yZEnCfZK-xaxwkIHgLo1WTH5AlwGGixNj5n74WNj1nM3nOdOlS-KHW7-UuD0CLijOI7IpHugOAo&amp;__tn__=EH-R\"><\/a><\/p>\n\n\n\n<figure class=\"wp-block-image\"><a href=\"https:\/\/www.facebook.com\/photo\/?fbid=1497314214600947&amp;set=a.814962612836114&amp;__cft__[0]=AZVXG85y0lkph3ZxxPM7L_d_8kLeJ8IxiMPbm3Z49sskr0yhdm7cXJkKiaGZxAXTd0_cdcNWUjiFGuqLRw8NN0pmPvU1ZicbdiHnGqAanBGo0oJd-taHryp6yZEnCfZK-xaxwkIHgLo1WTH5AlwGGixNj5n74WNj1nM3nOdOlS-KHW7-UuD0CLijOI7IpHugOAo&amp;__tn__=EH-R\"><img decoding=\"async\" src=\"https:\/\/scontent.fgvr3-1.fna.fbcdn.net\/v\/t39.30808-6\/489702985_1497314217934280_6257420629613866067_n.jpg?stp=dst-jpg_p526x296_tt6&amp;_nc_cat=105&amp;ccb=1-7&amp;_nc_sid=127cfc&amp;_nc_ohc=kF0ambopcLUQ7kNvwE8Peyq&amp;_nc_oc=AdkuRvfJlQ-KzApttmPq9gWxlQ-8vWug_8Sq8fcsn9npaLpkvtTxrhjMMySF1oNH6u8&amp;_nc_zt=23&amp;_nc_ht=scontent.fgvr3-1.fna&amp;_nc_gid=mQ3oSS6CA01vlKxhKAf5Kg&amp;oh=00_AfHWY0tzHEsD6wKbgbdzbQdaHxqTV9F4GjIgk7XoSmihlQ&amp;oe=67FC956F\" alt=\"Pode ser uma imagem de 1 pessoa e texto que diz &quot;TRUMP ELEVA PARA 125% A TARIFA CONTRA A A CHINA E ANUNCIA REDU\u00c7\u00c3O NAS TAXAS A OUTROS PA\u00cdSES IMAGEM: :REPRODU\u00c7\u00c3O\/DIVULGA\u00c7\u00c3O clube \u00e1dio&quot;\"\/><\/a><\/figure>\n\n\n\n<p><\/p>\n","protected":false},"excerpt":{"rendered":"<p>O presidente dos Estados Unidos, Donald Trump, anunciou nesta quarta-feira (9) um novo e expressivo aumento nas tarifas de importa\u00e7\u00e3o aplicadas \u00e0 China, elevando a taxa para 125%, com efeito imediato. A decis\u00e3o marca mais um cap\u00edtulo na j\u00e1 acirrada guerra comercial entre as duas maiores pot\u00eancias econ\u00f4micas do mundo. \u201cCom base na falta de [&hellip;]<\/p>\n","protected":false},"author":2,"featured_media":4752,"comment_status":"open","ping_status":"open","sticky":false,"template":"","format":"standard","meta":{"footnotes":""},"categories":[5],"tags":[],"class_list":["post-4751","post","type-post","status-publish","format-standard","has-post-thumbnail","hentry","category-noticias"],"wpmagazine_modules_lite_featured_media_urls":{"thumbnail":["https:\/\/radioclubedeinhapim.com.br\/wp-content\/uploads\/2025\/04\/Copia-de-Inserir-um-subtitulo-2025-04-09T160354.692-150x150.jpg",150,150,true],"cvmm-medium":["https:\/\/radioclubedeinhapim.com.br\/wp-content\/uploads\/2025\/04\/Copia-de-Inserir-um-subtitulo-2025-04-09T160354.692-300x300.jpg",300,300,true],"cvmm-medium-plus":["https:\/\/radioclubedeinhapim.com.br\/wp-content\/uploads\/2025\/04\/Copia-de-Inserir-um-subtitulo-2025-04-09T160354.692-305x207.jpg",305,207,true],"cvmm-portrait":["https:\/\/radioclubedeinhapim.com.br\/wp-content\/uploads\/2025\/04\/Copia-de-Inserir-um-subtitulo-2025-04-09T160354.692-400x600.jpg",400,600,true],"cvmm-medium-square":["https:\/\/radioclubedeinhapim.com.br\/wp-content\/uploads\/2025\/04\/Copia-de-Inserir-um-subtitulo-2025-04-09T160354.692-600x600.jpg",600,600,true],"cvmm-large":["https:\/\/radioclubedeinhapim.com.br\/wp-content\/uploads\/2025\/04\/Copia-de-Inserir-um-subtitulo-2025-04-09T160354.692-1024x1024.jpg",1024,1024,true],"cvmm-small":["https:\/\/radioclubedeinhapim.com.br\/wp-content\/uploads\/2025\/04\/Copia-de-Inserir-um-subtitulo-2025-04-09T160354.692-130x95.jpg",130,95,true],"full":["https:\/\/radioclubedeinhapim.com.br\/wp-content\/uploads\/2025\/04\/Copia-de-Inserir-um-subtitulo-2025-04-09T160354.692.jpg",1080,1080,false]},"categories_names":{"5":{"name":"Not\u00edcias","link":"https:\/\/radioclubedeinhapim.com.br\/index.php\/category\/noticias\/"}},"tags_names":[],"comments_number":"0","_links":{"self":[{"href":"https:\/\/radioclubedeinhapim.com.br\/index.php\/wp-json\/wp\/v2\/posts\/4751","targetHints":{"allow":["GET"]}}],"collection":[{"href":"https:\/\/radioclubedeinhapim.com.br\/index.php\/wp-json\/wp\/v2\/posts"}],"about":[{"href":"https:\/\/radioclubedeinhapim.com.br\/index.php\/wp-json\/wp\/v2\/types\/post"}],"author":[{"embeddable":true,"href":"https:\/\/radioclubedeinhapim.com.br\/index.php\/wp-json\/wp\/v2\/users\/2"}],"replies":[{"embeddable":true,"href":"https:\/\/radioclubedeinhapim.com.br\/index.php\/wp-json\/wp\/v2\/comments?post=4751"}],"version-history":[{"count":2,"href":"https:\/\/radioclubedeinhapim.com.br\/index.php\/wp-json\/wp\/v2\/posts\/4751\/revisions"}],"predecessor-version":[{"id":4754,"href":"https:\/\/radioclubedeinhapim.com.br\/index.php\/wp-json\/wp\/v2\/posts\/4751\/revisions\/4754"}],"wp:featuredmedia":[{"embeddable":true,"href":"https:\/\/radioclubedeinhapim.com.br\/index.php\/wp-json\/wp\/v2\/media\/4752"}],"wp:attachment":[{"href":"https:\/\/radioclubedeinhapim.com.br\/index.php\/wp-json\/wp\/v2\/media?parent=4751"}],"wp:term":[{"taxonomy":"category","embeddable":true,"href":"https:\/\/radioclubedeinhapim.com.br\/index.php\/wp-json\/wp\/v2\/categories?post=4751"},{"taxonomy":"post_tag","embeddable":true,"href":"https:\/\/radioclubedeinhapim.com.br\/index.php\/wp-json\/wp\/v2\/tags?post=4751"}],"curies":[{"name":"wp","href":"https:\/\/api.w.org\/{rel}","templated":true}]}}