{"id":4786,"date":"2025-04-11T12:54:51","date_gmt":"2025-04-11T15:54:51","guid":{"rendered":"https:\/\/radioclubedeinhapim.com.br\/?p=4786"},"modified":"2025-04-11T12:54:51","modified_gmt":"2025-04-11T15:54:51","slug":"bolsonaro-passa-mal-durante-viagem-e-e-hospitalizado-as-pressas-no-nordeste","status":"publish","type":"post","link":"https:\/\/radioclubedeinhapim.com.br\/index.php\/2025\/04\/11\/bolsonaro-passa-mal-durante-viagem-e-e-hospitalizado-as-pressas-no-nordeste\/","title":{"rendered":"Bolsonaro passa mal durante viagem e \u00e9 hospitalizado \u00e0s pressas no Nordeste"},"content":{"rendered":"\n<p>O <a><\/a>ex-presidente Jair Bolsonaro (PL) precisou ser hospitalizado nesta sexta-feira (11) \u00e0s pressas durante uma visita ao Rio Grande do Norte, onde faria uma s\u00e9rie de agendas por cidades do estado ao longo do dia.<\/p>\n\n\n\n<p>Segundo informa\u00e7\u00f5es de pessoas que acompanhavam a viagem de Bolsonaro, o ex-presidente sentiu fortes dores na barriga ainda na cidade de Bom Jesus, onde esteve reunido com apoiadores. Ele foi levado para uma Unidade de Pronto Atendimento (UPA) no munic\u00edpio de Santa Cruz, onde foi atendido.<\/p>\n\n\n\n<p>Ap\u00f3s esse primeiro atendimento, Bolsonaro foi transferido de helicoptero para Natal, capital do estado, onde ser\u00e1 atendido. Ainda n\u00e3o informa\u00e7\u00f5es sobre o estado de sa\u00fade do ex-presidente.<\/p>\n\n\n\n<p>Em nota, a governadora F\u00e1tima Bezerra determinou \u201ctotal empenho\u201d e provid\u00eancias \u00e0s equipes das secretarias da Sa\u00fade e da Seguran\u00e7a P\u00fablica do RN em assist\u00eancia ao ex-presidente Jair Bolsonaro.<\/p>\n\n\n\n<p>\u201cA Sesed mobilizou, de imediato, uma das aeronaves para traslado do ex-presidente a uma unidade de sa\u00fade, em Natal, e orientou os gestores da Secretaria de Sa\u00fade que adotassem todas as provid\u00eancias necess\u00e1rias ao eventual atendimento\u201d, disse.<\/p>\n\n\n\n<p>Viagem ao Nordeste<\/p>\n\n\n\n<p>O ex-presidente Jair Bolsonaro daria inicio hoje a uma s\u00e9rie de viagens ao Rio Grande do Norte, em uma agenda batizada de \u2018Rota 22&#8242;. A viagem seria acompanhada pelo ex-ministro e senador Rog\u00e9rio Marinho (PL-RN), l\u00edder da oposi\u00e7\u00e3o.<\/p>\n\n\n\n<p>A passagem de Bolsonaro pelo estado incluia paradas nas cidades de Acari, Oticica e Pau Ferros. A ideia da viagem seria fortalecer a mobiliza\u00e7\u00e3o em torno do Projeto de Lei (PL) da anistia, que concede perd\u00e3o ao presos em raz\u00e3o do ataques \u00e0s sedes dos Tr\u00eas Poderes, no dia 8 de janeiro de 2023.<\/p>\n","protected":false},"excerpt":{"rendered":"<p>O ex-presidente Jair Bolsonaro (PL) precisou ser hospitalizado nesta sexta-feira (11) \u00e0s pressas durante uma visita ao Rio Grande do Norte, onde faria uma s\u00e9rie de agendas por cidades do estado ao longo do dia. Segundo informa\u00e7\u00f5es de pessoas que acompanhavam a viagem de Bolsonaro, o ex-presidente sentiu fortes dores na barriga ainda na cidade [&hellip;]<\/p>\n","protected":false},"author":2,"featured_media":4787,"comment_status":"open","ping_status":"open","sticky":false,"template":"","format":"standard","meta":{"footnotes":""},"categories":[5],"tags":[],"class_list":["post-4786","post","type-post","status-publish","format-standard","has-post-thumbnail","hentry","category-noticias"],"wpmagazine_modules_lite_featured_media_urls":{"thumbnail":["https:\/\/radioclubedeinhapim.com.br\/wp-content\/uploads\/2025\/04\/Copia-de-Inserir-um-subtitulo-2025-04-11T111510.734-150x150.jpg",150,150,true],"cvmm-medium":["https:\/\/radioclubedeinhapim.com.br\/wp-content\/uploads\/2025\/04\/Copia-de-Inserir-um-subtitulo-2025-04-11T111510.734-300x300.jpg",300,300,true],"cvmm-medium-plus":["https:\/\/radioclubedeinhapim.com.br\/wp-content\/uploads\/2025\/04\/Copia-de-Inserir-um-subtitulo-2025-04-11T111510.734-305x207.jpg",305,207,true],"cvmm-portrait":["https:\/\/radioclubedeinhapim.com.br\/wp-content\/uploads\/2025\/04\/Copia-de-Inserir-um-subtitulo-2025-04-11T111510.734-400x600.jpg",400,600,true],"cvmm-medium-square":["https:\/\/radioclubedeinhapim.com.br\/wp-content\/uploads\/2025\/04\/Copia-de-Inserir-um-subtitulo-2025-04-11T111510.734-600x600.jpg",600,600,true],"cvmm-large":["https:\/\/radioclubedeinhapim.com.br\/wp-content\/uploads\/2025\/04\/Copia-de-Inserir-um-subtitulo-2025-04-11T111510.734-1024x1024.jpg",1024,1024,true],"cvmm-small":["https:\/\/radioclubedeinhapim.com.br\/wp-content\/uploads\/2025\/04\/Copia-de-Inserir-um-subtitulo-2025-04-11T111510.734-130x95.jpg",130,95,true],"full":["https:\/\/radioclubedeinhapim.com.br\/wp-content\/uploads\/2025\/04\/Copia-de-Inserir-um-subtitulo-2025-04-11T111510.734.jpg",1080,1080,false]},"categories_names":{"5":{"name":"Not\u00edcias","link":"https:\/\/radioclubedeinhapim.com.br\/index.php\/category\/noticias\/"}},"tags_names":[],"comments_number":"0","_links":{"self":[{"href":"https:\/\/radioclubedeinhapim.com.br\/index.php\/wp-json\/wp\/v2\/posts\/4786","targetHints":{"allow":["GET"]}}],"collection":[{"href":"https:\/\/radioclubedeinhapim.com.br\/index.php\/wp-json\/wp\/v2\/posts"}],"about":[{"href":"https:\/\/radioclubedeinhapim.com.br\/index.php\/wp-json\/wp\/v2\/types\/post"}],"author":[{"embeddable":true,"href":"https:\/\/radioclubedeinhapim.com.br\/index.php\/wp-json\/wp\/v2\/users\/2"}],"replies":[{"embeddable":true,"href":"https:\/\/radioclubedeinhapim.com.br\/index.php\/wp-json\/wp\/v2\/comments?post=4786"}],"version-history":[{"count":1,"href":"https:\/\/radioclubedeinhapim.com.br\/index.php\/wp-json\/wp\/v2\/posts\/4786\/revisions"}],"predecessor-version":[{"id":4788,"href":"https:\/\/radioclubedeinhapim.com.br\/index.php\/wp-json\/wp\/v2\/posts\/4786\/revisions\/4788"}],"wp:featuredmedia":[{"embeddable":true,"href":"https:\/\/radioclubedeinhapim.com.br\/index.php\/wp-json\/wp\/v2\/media\/4787"}],"wp:attachment":[{"href":"https:\/\/radioclubedeinhapim.com.br\/index.php\/wp-json\/wp\/v2\/media?parent=4786"}],"wp:term":[{"taxonomy":"category","embeddable":true,"href":"https:\/\/radioclubedeinhapim.com.br\/index.php\/wp-json\/wp\/v2\/categories?post=4786"},{"taxonomy":"post_tag","embeddable":true,"href":"https:\/\/radioclubedeinhapim.com.br\/index.php\/wp-json\/wp\/v2\/tags?post=4786"}],"curies":[{"name":"wp","href":"https:\/\/api.w.org\/{rel}","templated":true}]}}