{"id":4818,"date":"2025-04-14T16:54:49","date_gmt":"2025-04-14T19:54:49","guid":{"rendered":"https:\/\/radioclubedeinhapim.com.br\/?p=4818"},"modified":"2025-04-14T16:54:49","modified_gmt":"2025-04-14T19:54:49","slug":"anvisa-aprova-registro-de-vacina-contra-chikungunya-desenvolvida-pelo-instituto-butantan","status":"publish","type":"post","link":"https:\/\/radioclubedeinhapim.com.br\/index.php\/2025\/04\/14\/anvisa-aprova-registro-de-vacina-contra-chikungunya-desenvolvida-pelo-instituto-butantan\/","title":{"rendered":"Anvisa aprova registro de vacina contra chikungunya desenvolvida pelo Instituto Butantan"},"content":{"rendered":"\n<p>A Anvisa aprovou o registro definitivo da primeira vacina contra a chikungunya no Brasil. O imunizante foi desenvolvido pelo Instituto Butantan em parceria com a farmac\u00eautica franco-austr\u00edaca Valneva. A autoriza\u00e7\u00e3o, publicada no Di\u00e1rio Oficial da Uni\u00e3o nesta segunda-feira (14), permite a aplica\u00e7\u00e3o em pessoas com mais de 18 anos.<\/p>\n\n\n\n<p>Transmitido pelo mosquito *Aedes aegypti*, o v\u00edrus da chikungunya \u00e9 o mesmo vetor da dengue e do zika. A doen\u00e7a pode causar febre alta, fortes dores articulares e, em alguns casos, sequelas cr\u00f4nicas. Em 2024, foram registrados 620 mil casos no mundo, com destaque para Brasil, Paraguai, Argentina e Bol\u00edvia.<\/p>\n\n\n\n<p>A vacina passou por testes cl\u00ednicos de fase 3 com adolescentes brasileiros e demonstrou efic\u00e1cia elevada. Ap\u00f3s uma \u00fanica dose, 100% dos participantes com infec\u00e7\u00e3o pr\u00e9via e 98,8% dos que nunca tiveram contato com o v\u00edrus apresentaram anticorpos. A prote\u00e7\u00e3o foi mantida em 99,1% dos jovens ap\u00f3s seis meses. Os efeitos colaterais foram, em sua maioria, leves ou moderados, como dor de cabe\u00e7a, febre e fadiga.<\/p>\n\n\n\n<p>Apesar da aprova\u00e7\u00e3o, a distribui\u00e7\u00e3o pelo SUS ainda depende de etapas adicionais. O Butantan desenvolve uma nova vers\u00e3o da vacina com insumos nacionais, visando a incorpora\u00e7\u00e3o ao Programa Nacional de Imuniza\u00e7\u00f5es. A decis\u00e3o final caber\u00e1 \u00e0 Conitec (Comiss\u00e3o Nacional de Incorpora\u00e7\u00e3o de Tecnologias no SUS).<\/p>\n\n\n\n<p>A previs\u00e3o \u00e9 de que, caso aprovada, a vacina\u00e7\u00e3o priorize as regi\u00f5es end\u00eamicas, onde h\u00e1 maior concentra\u00e7\u00e3o de casos. A chikungunya \u00e9 uma enfermidade viral que, al\u00e9m de seus sintomas agudos, pode gerar dores articulares prolongadas, com impacto significativo na qualidade de vida.<\/p>\n","protected":false},"excerpt":{"rendered":"<p>A Anvisa aprovou o registro definitivo da primeira vacina contra a chikungunya no Brasil. O imunizante foi desenvolvido pelo Instituto Butantan em parceria com a farmac\u00eautica franco-austr\u00edaca Valneva. A autoriza\u00e7\u00e3o, publicada no Di\u00e1rio Oficial da Uni\u00e3o nesta segunda-feira (14), permite a aplica\u00e7\u00e3o em pessoas com mais de 18 anos. Transmitido pelo mosquito *Aedes aegypti*, o [&hellip;]<\/p>\n","protected":false},"author":2,"featured_media":4819,"comment_status":"open","ping_status":"open","sticky":false,"template":"","format":"standard","meta":{"footnotes":""},"categories":[5],"tags":[],"class_list":["post-4818","post","type-post","status-publish","format-standard","has-post-thumbnail","hentry","category-noticias"],"wpmagazine_modules_lite_featured_media_urls":{"thumbnail":["https:\/\/radioclubedeinhapim.com.br\/wp-content\/uploads\/2025\/04\/Copia-de-Inserir-um-subtitulo-2025-04-14T165310.133-150x150.jpg",150,150,true],"cvmm-medium":["https:\/\/radioclubedeinhapim.com.br\/wp-content\/uploads\/2025\/04\/Copia-de-Inserir-um-subtitulo-2025-04-14T165310.133-300x300.jpg",300,300,true],"cvmm-medium-plus":["https:\/\/radioclubedeinhapim.com.br\/wp-content\/uploads\/2025\/04\/Copia-de-Inserir-um-subtitulo-2025-04-14T165310.133-305x207.jpg",305,207,true],"cvmm-portrait":["https:\/\/radioclubedeinhapim.com.br\/wp-content\/uploads\/2025\/04\/Copia-de-Inserir-um-subtitulo-2025-04-14T165310.133-400x600.jpg",400,600,true],"cvmm-medium-square":["https:\/\/radioclubedeinhapim.com.br\/wp-content\/uploads\/2025\/04\/Copia-de-Inserir-um-subtitulo-2025-04-14T165310.133-600x600.jpg",600,600,true],"cvmm-large":["https:\/\/radioclubedeinhapim.com.br\/wp-content\/uploads\/2025\/04\/Copia-de-Inserir-um-subtitulo-2025-04-14T165310.133-1024x1024.jpg",1024,1024,true],"cvmm-small":["https:\/\/radioclubedeinhapim.com.br\/wp-content\/uploads\/2025\/04\/Copia-de-Inserir-um-subtitulo-2025-04-14T165310.133-130x95.jpg",130,95,true],"full":["https:\/\/radioclubedeinhapim.com.br\/wp-content\/uploads\/2025\/04\/Copia-de-Inserir-um-subtitulo-2025-04-14T165310.133.jpg",1080,1080,false]},"categories_names":{"5":{"name":"Not\u00edcias","link":"https:\/\/radioclubedeinhapim.com.br\/index.php\/category\/noticias\/"}},"tags_names":[],"comments_number":"0","_links":{"self":[{"href":"https:\/\/radioclubedeinhapim.com.br\/index.php\/wp-json\/wp\/v2\/posts\/4818","targetHints":{"allow":["GET"]}}],"collection":[{"href":"https:\/\/radioclubedeinhapim.com.br\/index.php\/wp-json\/wp\/v2\/posts"}],"about":[{"href":"https:\/\/radioclubedeinhapim.com.br\/index.php\/wp-json\/wp\/v2\/types\/post"}],"author":[{"embeddable":true,"href":"https:\/\/radioclubedeinhapim.com.br\/index.php\/wp-json\/wp\/v2\/users\/2"}],"replies":[{"embeddable":true,"href":"https:\/\/radioclubedeinhapim.com.br\/index.php\/wp-json\/wp\/v2\/comments?post=4818"}],"version-history":[{"count":1,"href":"https:\/\/radioclubedeinhapim.com.br\/index.php\/wp-json\/wp\/v2\/posts\/4818\/revisions"}],"predecessor-version":[{"id":4820,"href":"https:\/\/radioclubedeinhapim.com.br\/index.php\/wp-json\/wp\/v2\/posts\/4818\/revisions\/4820"}],"wp:featuredmedia":[{"embeddable":true,"href":"https:\/\/radioclubedeinhapim.com.br\/index.php\/wp-json\/wp\/v2\/media\/4819"}],"wp:attachment":[{"href":"https:\/\/radioclubedeinhapim.com.br\/index.php\/wp-json\/wp\/v2\/media?parent=4818"}],"wp:term":[{"taxonomy":"category","embeddable":true,"href":"https:\/\/radioclubedeinhapim.com.br\/index.php\/wp-json\/wp\/v2\/categories?post=4818"},{"taxonomy":"post_tag","embeddable":true,"href":"https:\/\/radioclubedeinhapim.com.br\/index.php\/wp-json\/wp\/v2\/tags?post=4818"}],"curies":[{"name":"wp","href":"https:\/\/api.w.org\/{rel}","templated":true}]}}