{"id":4882,"date":"2025-04-22T09:05:37","date_gmt":"2025-04-22T12:05:37","guid":{"rendered":"https:\/\/radioclubedeinhapim.com.br\/?p=4882"},"modified":"2025-04-22T09:05:37","modified_gmt":"2025-04-22T12:05:37","slug":"casa-sem-movimentacao-em-meio-a-curiosos-na-rua-levou-pm-a-encontrar-familia-suspeita-de-abandonar-bebe","status":"publish","type":"post","link":"https:\/\/radioclubedeinhapim.com.br\/index.php\/2025\/04\/22\/casa-sem-movimentacao-em-meio-a-curiosos-na-rua-levou-pm-a-encontrar-familia-suspeita-de-abandonar-bebe\/","title":{"rendered":"Casa sem movimenta\u00e7\u00e3o em meio a curiosos na rua levou PM a encontrar fam\u00edlia suspeita de abandonar beb\u00ea"},"content":{"rendered":"\n<p>A fam\u00edlia suspeita de abandonar um rec\u00e9m-nascido em Angel\u00e2ndia, no Vale do Jequitinhonha, foi localizada ap\u00f3s a Pol\u00edcia Militar perceber que uma casa, vizinha ao lote onde a crian\u00e7a foi encontrada, estava fechada e sem movimenta\u00e7\u00e3o, mesmo com a presen\u00e7a das viaturas e de dezenas de pessoas, que sa\u00edram das resid\u00eancias para ver o que estava ocorrendo.<\/p>\n\n\n\n<p>O comportamento at\u00edpico chamou a aten\u00e7\u00e3o dos policiais, que entraram no im\u00f3vel e encontraram uma adolescente de 16 anos com sinais de ter passado por um parto recente.<\/p>\n\n\n\n<p>De acordo com o tenente Acr\u00edsio, no quarto da adolescente, havia vest\u00edgios de sangue, o que levantou a suspeita de que ela poderia ser a m\u00e3e do beb\u00ea. A jovem foi levada \u00e0 policl\u00ednica da cidade, onde exames m\u00e9dicos confirmaram o parto. Ainda segundo a PM, durante as conversas com os militares, a adolescente deu ind\u00edcios de que teria rela\u00e7\u00e3o com o abandono da crian\u00e7a. Ela foi apreendida.<\/p>\n\n\n\n<p>A m\u00e3e e o padrasto da adolescente, que tamb\u00e9m estavam na casa, foram conduzidos \u00e0 delegacia de Capelinha e tiverem a pris\u00e3o convertida em preventiva. Testemunhas contaram \u00e0 pol\u00edcia que os dois ouviram o choro do beb\u00ea no lote, mas n\u00e3o prestaram socorro.<\/p>\n\n\n\n<p>O beb\u00ea, um menino, foi encontrado com partes da orelha e de um dos p\u00e9s amputadas, possivelmente ferimentos causados por c\u00e3es. Ele foi socorrido por vizinhos, levado ao hospital de Capelinha e, em seguida, transferido de helic\u00f3ptero para o Hospital Jo\u00e3o XXIII, em Belo Horizonte. Segundo a PM, apesar da gravidade dos ferimentos, a crian\u00e7a tem boa chance de recupera\u00e7\u00e3o.<\/p>\n","protected":false},"excerpt":{"rendered":"<p>A fam\u00edlia suspeita de abandonar um rec\u00e9m-nascido em Angel\u00e2ndia, no Vale do Jequitinhonha, foi localizada ap\u00f3s a Pol\u00edcia Militar perceber que uma casa, vizinha ao lote onde a crian\u00e7a foi encontrada, estava fechada e sem movimenta\u00e7\u00e3o, mesmo com a presen\u00e7a das viaturas e de dezenas de pessoas, que sa\u00edram das resid\u00eancias para ver o que [&hellip;]<\/p>\n","protected":false},"author":2,"featured_media":4883,"comment_status":"open","ping_status":"open","sticky":false,"template":"","format":"standard","meta":{"footnotes":""},"categories":[5],"tags":[],"class_list":["post-4882","post","type-post","status-publish","format-standard","has-post-thumbnail","hentry","category-noticias"],"wpmagazine_modules_lite_featured_media_urls":{"thumbnail":["https:\/\/radioclubedeinhapim.com.br\/wp-content\/uploads\/2025\/04\/Copia-de-Inserir-um-subtitulo-2025-04-22T085552.103-150x150.jpg",150,150,true],"cvmm-medium":["https:\/\/radioclubedeinhapim.com.br\/wp-content\/uploads\/2025\/04\/Copia-de-Inserir-um-subtitulo-2025-04-22T085552.103-300x300.jpg",300,300,true],"cvmm-medium-plus":["https:\/\/radioclubedeinhapim.com.br\/wp-content\/uploads\/2025\/04\/Copia-de-Inserir-um-subtitulo-2025-04-22T085552.103-305x207.jpg",305,207,true],"cvmm-portrait":["https:\/\/radioclubedeinhapim.com.br\/wp-content\/uploads\/2025\/04\/Copia-de-Inserir-um-subtitulo-2025-04-22T085552.103-400x600.jpg",400,600,true],"cvmm-medium-square":["https:\/\/radioclubedeinhapim.com.br\/wp-content\/uploads\/2025\/04\/Copia-de-Inserir-um-subtitulo-2025-04-22T085552.103-600x600.jpg",600,600,true],"cvmm-large":["https:\/\/radioclubedeinhapim.com.br\/wp-content\/uploads\/2025\/04\/Copia-de-Inserir-um-subtitulo-2025-04-22T085552.103-1024x1024.jpg",1024,1024,true],"cvmm-small":["https:\/\/radioclubedeinhapim.com.br\/wp-content\/uploads\/2025\/04\/Copia-de-Inserir-um-subtitulo-2025-04-22T085552.103-130x95.jpg",130,95,true],"full":["https:\/\/radioclubedeinhapim.com.br\/wp-content\/uploads\/2025\/04\/Copia-de-Inserir-um-subtitulo-2025-04-22T085552.103.jpg",1080,1080,false]},"categories_names":{"5":{"name":"Not\u00edcias","link":"https:\/\/radioclubedeinhapim.com.br\/index.php\/category\/noticias\/"}},"tags_names":[],"comments_number":"0","_links":{"self":[{"href":"https:\/\/radioclubedeinhapim.com.br\/index.php\/wp-json\/wp\/v2\/posts\/4882","targetHints":{"allow":["GET"]}}],"collection":[{"href":"https:\/\/radioclubedeinhapim.com.br\/index.php\/wp-json\/wp\/v2\/posts"}],"about":[{"href":"https:\/\/radioclubedeinhapim.com.br\/index.php\/wp-json\/wp\/v2\/types\/post"}],"author":[{"embeddable":true,"href":"https:\/\/radioclubedeinhapim.com.br\/index.php\/wp-json\/wp\/v2\/users\/2"}],"replies":[{"embeddable":true,"href":"https:\/\/radioclubedeinhapim.com.br\/index.php\/wp-json\/wp\/v2\/comments?post=4882"}],"version-history":[{"count":1,"href":"https:\/\/radioclubedeinhapim.com.br\/index.php\/wp-json\/wp\/v2\/posts\/4882\/revisions"}],"predecessor-version":[{"id":4884,"href":"https:\/\/radioclubedeinhapim.com.br\/index.php\/wp-json\/wp\/v2\/posts\/4882\/revisions\/4884"}],"wp:featuredmedia":[{"embeddable":true,"href":"https:\/\/radioclubedeinhapim.com.br\/index.php\/wp-json\/wp\/v2\/media\/4883"}],"wp:attachment":[{"href":"https:\/\/radioclubedeinhapim.com.br\/index.php\/wp-json\/wp\/v2\/media?parent=4882"}],"wp:term":[{"taxonomy":"category","embeddable":true,"href":"https:\/\/radioclubedeinhapim.com.br\/index.php\/wp-json\/wp\/v2\/categories?post=4882"},{"taxonomy":"post_tag","embeddable":true,"href":"https:\/\/radioclubedeinhapim.com.br\/index.php\/wp-json\/wp\/v2\/tags?post=4882"}],"curies":[{"name":"wp","href":"https:\/\/api.w.org\/{rel}","templated":true}]}}