{"id":4908,"date":"2025-04-23T08:37:14","date_gmt":"2025-04-23T11:37:14","guid":{"rendered":"https:\/\/radioclubedeinhapim.com.br\/?p=4908"},"modified":"2025-04-23T08:37:14","modified_gmt":"2025-04-23T11:37:14","slug":"homem-morre-apos-colidir-moto-com-carro-na-br-259-em-governador-valadares","status":"publish","type":"post","link":"https:\/\/radioclubedeinhapim.com.br\/index.php\/2025\/04\/23\/homem-morre-apos-colidir-moto-com-carro-na-br-259-em-governador-valadares\/","title":{"rendered":"Homem morre ap\u00f3s colidir moto com carro na BR-259, em Governador Valadares"},"content":{"rendered":"\n<p>Um homem, de 27 anos, morreu ap\u00f3s se envolver em um acidente na noite desta segunda-feira (21), no km 152 da BR-259, em Governador Valadares, no Leste de Minas. Ele conduzia uma motocicleta, que colidiu frontalmente com um carro de passeio.<\/p>\n\n\n\n<p>De acordo com a Pol\u00edcia Militar Rodovi\u00e1ria, Lucas Carvalho Pinheiro foi encontrado ca\u00eddo em meio \u00e0 vegeta\u00e7\u00e3o, fora da pista, com fraturas e lacera\u00e7\u00f5es no bra\u00e7o e perna do lado direito. Ele foi socorrido ainda com vida por uma equipe do Samu e levado ao Hospital Municipal de Governador Valadares, mas n\u00e3o resistiu aos ferimentos e morreu ap\u00f3s dar entrada na unidade.<\/p>\n\n\n\n<p>Em conversa com militares, o motorista do carro disse que trafegava no sentido Resplendor quando foi surpreendido pela motocicleta, que teria invadido a contram\u00e3o em alta velocidade. O motorista afirmou que tentou desviar para o acostamento, mas a moto colidiu com a parte frontal esquerda do carro. Ap\u00f3s o impacto, o motociclista foi arremessado contra o para-brisa e lan\u00e7ado para fora da pista.<\/p>\n\n\n\n<p>Durante o atendimento da ocorr\u00eancia, os policiais encontraram entre os pertences da v\u00edtima uma por\u00e7\u00e3o de maconha, al\u00e9m de um celular e R$ 100 em dinheiro, que foram entregues ao tio dele.<\/p>\n\n\n\n<p>O motorista do carro e os passageiros n\u00e3o sofreram ferimentos e dispensaram atendimento m\u00e9dico. A motocicleta foi removida do local por um guincho credenciado ao Detran.<\/p>\n","protected":false},"excerpt":{"rendered":"<p>Um homem, de 27 anos, morreu ap\u00f3s se envolver em um acidente na noite desta segunda-feira (21), no km 152 da BR-259, em Governador Valadares, no Leste de Minas. Ele conduzia uma motocicleta, que colidiu frontalmente com um carro de passeio. De acordo com a Pol\u00edcia Militar Rodovi\u00e1ria, Lucas Carvalho Pinheiro foi encontrado ca\u00eddo em [&hellip;]<\/p>\n","protected":false},"author":2,"featured_media":4909,"comment_status":"open","ping_status":"open","sticky":false,"template":"","format":"standard","meta":{"footnotes":""},"categories":[5],"tags":[],"class_list":["post-4908","post","type-post","status-publish","format-standard","has-post-thumbnail","hentry","category-noticias"],"wpmagazine_modules_lite_featured_media_urls":{"thumbnail":["https:\/\/radioclubedeinhapim.com.br\/wp-content\/uploads\/2025\/04\/Copia-de-Inserir-um-subtitulo-2025-04-23T083806.721-150x150.jpg",150,150,true],"cvmm-medium":["https:\/\/radioclubedeinhapim.com.br\/wp-content\/uploads\/2025\/04\/Copia-de-Inserir-um-subtitulo-2025-04-23T083806.721-300x300.jpg",300,300,true],"cvmm-medium-plus":["https:\/\/radioclubedeinhapim.com.br\/wp-content\/uploads\/2025\/04\/Copia-de-Inserir-um-subtitulo-2025-04-23T083806.721-305x207.jpg",305,207,true],"cvmm-portrait":["https:\/\/radioclubedeinhapim.com.br\/wp-content\/uploads\/2025\/04\/Copia-de-Inserir-um-subtitulo-2025-04-23T083806.721-400x600.jpg",400,600,true],"cvmm-medium-square":["https:\/\/radioclubedeinhapim.com.br\/wp-content\/uploads\/2025\/04\/Copia-de-Inserir-um-subtitulo-2025-04-23T083806.721-600x600.jpg",600,600,true],"cvmm-large":["https:\/\/radioclubedeinhapim.com.br\/wp-content\/uploads\/2025\/04\/Copia-de-Inserir-um-subtitulo-2025-04-23T083806.721-1024x1024.jpg",1024,1024,true],"cvmm-small":["https:\/\/radioclubedeinhapim.com.br\/wp-content\/uploads\/2025\/04\/Copia-de-Inserir-um-subtitulo-2025-04-23T083806.721-130x95.jpg",130,95,true],"full":["https:\/\/radioclubedeinhapim.com.br\/wp-content\/uploads\/2025\/04\/Copia-de-Inserir-um-subtitulo-2025-04-23T083806.721.jpg",1080,1080,false]},"categories_names":{"5":{"name":"Not\u00edcias","link":"https:\/\/radioclubedeinhapim.com.br\/index.php\/category\/noticias\/"}},"tags_names":[],"comments_number":"0","_links":{"self":[{"href":"https:\/\/radioclubedeinhapim.com.br\/index.php\/wp-json\/wp\/v2\/posts\/4908","targetHints":{"allow":["GET"]}}],"collection":[{"href":"https:\/\/radioclubedeinhapim.com.br\/index.php\/wp-json\/wp\/v2\/posts"}],"about":[{"href":"https:\/\/radioclubedeinhapim.com.br\/index.php\/wp-json\/wp\/v2\/types\/post"}],"author":[{"embeddable":true,"href":"https:\/\/radioclubedeinhapim.com.br\/index.php\/wp-json\/wp\/v2\/users\/2"}],"replies":[{"embeddable":true,"href":"https:\/\/radioclubedeinhapim.com.br\/index.php\/wp-json\/wp\/v2\/comments?post=4908"}],"version-history":[{"count":1,"href":"https:\/\/radioclubedeinhapim.com.br\/index.php\/wp-json\/wp\/v2\/posts\/4908\/revisions"}],"predecessor-version":[{"id":4910,"href":"https:\/\/radioclubedeinhapim.com.br\/index.php\/wp-json\/wp\/v2\/posts\/4908\/revisions\/4910"}],"wp:featuredmedia":[{"embeddable":true,"href":"https:\/\/radioclubedeinhapim.com.br\/index.php\/wp-json\/wp\/v2\/media\/4909"}],"wp:attachment":[{"href":"https:\/\/radioclubedeinhapim.com.br\/index.php\/wp-json\/wp\/v2\/media?parent=4908"}],"wp:term":[{"taxonomy":"category","embeddable":true,"href":"https:\/\/radioclubedeinhapim.com.br\/index.php\/wp-json\/wp\/v2\/categories?post=4908"},{"taxonomy":"post_tag","embeddable":true,"href":"https:\/\/radioclubedeinhapim.com.br\/index.php\/wp-json\/wp\/v2\/tags?post=4908"}],"curies":[{"name":"wp","href":"https:\/\/api.w.org\/{rel}","templated":true}]}}