{"id":4951,"date":"2025-04-24T16:01:23","date_gmt":"2025-04-24T19:01:23","guid":{"rendered":"https:\/\/radioclubedeinhapim.com.br\/?p=4951"},"modified":"2025-04-24T16:01:23","modified_gmt":"2025-04-24T19:01:23","slug":"bolsonaro-apresenta-piora-no-quadro-clinico-apos-ser-notificado-pelo-stf","status":"publish","type":"post","link":"https:\/\/radioclubedeinhapim.com.br\/index.php\/2025\/04\/24\/bolsonaro-apresenta-piora-no-quadro-clinico-apos-ser-notificado-pelo-stf\/","title":{"rendered":"Bolsonaro apresenta piora no quadro cl\u00ednico ap\u00f3s ser notificado pelo STF"},"content":{"rendered":"\n<p>O ex-presidente Jair Bolsonaro (PL) apresentou uma piora no quadro cl\u00ednico, conforme boletim m\u00e9dico divulgado pela equipe do hospital DF Star, em Bras\u00edlia, nesta quinta-feira (24). A piora na sa\u00fade do ex-presidente acontece um dia ap\u00f3s Bolsonaro se exaltar com uma oficial de Justi\u00e7a e gravar um v\u00eddeo onde critica o ministro Alexandre de Moraes, do Supremo Tribunal Federal (STF), por notific\u00e1-lo no leito de UTI onde est\u00e1 internado.<\/p>\n\n\n\n<p>Conforme o boletim, Bolsonaro apresentou piora cl\u00ednica, eleva\u00e7\u00e3o da press\u00e3o arterial e piora dos exames laboratoriais hep\u00e1ticos. Ele ser\u00e1 submetido a novos exames de imagem nesta quinta-feira para avaliar a evolu\u00e7\u00e3o de sua sa\u00fade ap\u00f3s a cirurgia realizada no intestino.<\/p>\n\n\n\n<p>Desde que passou pela cirurgia, o ex-presidente continua em jejum oral, recebendo alimenta\u00e7\u00e3o por sonda. A previs\u00e3o \u00e9 que mesmo com a piora, ele siga com a fisioterapia motora e as medidas de preven\u00e7\u00e3o de trombose venosa.<\/p>\n\n\n\n<p>Sem visitas<\/p>\n\n\n\n<p>Apesar de ter aberto espa\u00e7o na agenda para a visita de aliados nos \u00faltimos dias, o boletim m\u00e9dico de Bolsonaro aponta que a recomenda\u00e7\u00e3o inicial permanece, ou seja, sem visitas que n\u00e3o sejam de familiares. Ontem, ap\u00f3s a visita inesperada da servidora do judici\u00e1rio, Bolsonaro tamb\u00e9m foi visitado pelo pastor evang\u00e9lico Silas Malafaia, que gravou um v\u00eddeo ao lado do ex-presidente criticando Moraes.<\/p>\n\n\n\n<p>Bolsonaro permanece sem previs\u00e3o de alta da UTI.<\/p>\n","protected":false},"excerpt":{"rendered":"<p>O ex-presidente Jair Bolsonaro (PL) apresentou uma piora no quadro cl\u00ednico, conforme boletim m\u00e9dico divulgado pela equipe do hospital DF Star, em Bras\u00edlia, nesta quinta-feira (24). A piora na sa\u00fade do ex-presidente acontece um dia ap\u00f3s Bolsonaro se exaltar com uma oficial de Justi\u00e7a e gravar um v\u00eddeo onde critica o ministro Alexandre de Moraes, [&hellip;]<\/p>\n","protected":false},"author":2,"featured_media":4952,"comment_status":"open","ping_status":"open","sticky":false,"template":"","format":"standard","meta":{"footnotes":""},"categories":[5],"tags":[],"class_list":["post-4951","post","type-post","status-publish","format-standard","has-post-thumbnail","hentry","category-noticias"],"wpmagazine_modules_lite_featured_media_urls":{"thumbnail":["https:\/\/radioclubedeinhapim.com.br\/wp-content\/uploads\/2025\/04\/Copia-de-Inserir-um-subtitulo-2025-04-24T160257.228-150x150.jpg",150,150,true],"cvmm-medium":["https:\/\/radioclubedeinhapim.com.br\/wp-content\/uploads\/2025\/04\/Copia-de-Inserir-um-subtitulo-2025-04-24T160257.228-300x300.jpg",300,300,true],"cvmm-medium-plus":["https:\/\/radioclubedeinhapim.com.br\/wp-content\/uploads\/2025\/04\/Copia-de-Inserir-um-subtitulo-2025-04-24T160257.228-305x207.jpg",305,207,true],"cvmm-portrait":["https:\/\/radioclubedeinhapim.com.br\/wp-content\/uploads\/2025\/04\/Copia-de-Inserir-um-subtitulo-2025-04-24T160257.228-400x600.jpg",400,600,true],"cvmm-medium-square":["https:\/\/radioclubedeinhapim.com.br\/wp-content\/uploads\/2025\/04\/Copia-de-Inserir-um-subtitulo-2025-04-24T160257.228-600x600.jpg",600,600,true],"cvmm-large":["https:\/\/radioclubedeinhapim.com.br\/wp-content\/uploads\/2025\/04\/Copia-de-Inserir-um-subtitulo-2025-04-24T160257.228-1024x1024.jpg",1024,1024,true],"cvmm-small":["https:\/\/radioclubedeinhapim.com.br\/wp-content\/uploads\/2025\/04\/Copia-de-Inserir-um-subtitulo-2025-04-24T160257.228-130x95.jpg",130,95,true],"full":["https:\/\/radioclubedeinhapim.com.br\/wp-content\/uploads\/2025\/04\/Copia-de-Inserir-um-subtitulo-2025-04-24T160257.228.jpg",1080,1080,false]},"categories_names":{"5":{"name":"Not\u00edcias","link":"https:\/\/radioclubedeinhapim.com.br\/index.php\/category\/noticias\/"}},"tags_names":[],"comments_number":"0","_links":{"self":[{"href":"https:\/\/radioclubedeinhapim.com.br\/index.php\/wp-json\/wp\/v2\/posts\/4951","targetHints":{"allow":["GET"]}}],"collection":[{"href":"https:\/\/radioclubedeinhapim.com.br\/index.php\/wp-json\/wp\/v2\/posts"}],"about":[{"href":"https:\/\/radioclubedeinhapim.com.br\/index.php\/wp-json\/wp\/v2\/types\/post"}],"author":[{"embeddable":true,"href":"https:\/\/radioclubedeinhapim.com.br\/index.php\/wp-json\/wp\/v2\/users\/2"}],"replies":[{"embeddable":true,"href":"https:\/\/radioclubedeinhapim.com.br\/index.php\/wp-json\/wp\/v2\/comments?post=4951"}],"version-history":[{"count":1,"href":"https:\/\/radioclubedeinhapim.com.br\/index.php\/wp-json\/wp\/v2\/posts\/4951\/revisions"}],"predecessor-version":[{"id":4953,"href":"https:\/\/radioclubedeinhapim.com.br\/index.php\/wp-json\/wp\/v2\/posts\/4951\/revisions\/4953"}],"wp:featuredmedia":[{"embeddable":true,"href":"https:\/\/radioclubedeinhapim.com.br\/index.php\/wp-json\/wp\/v2\/media\/4952"}],"wp:attachment":[{"href":"https:\/\/radioclubedeinhapim.com.br\/index.php\/wp-json\/wp\/v2\/media?parent=4951"}],"wp:term":[{"taxonomy":"category","embeddable":true,"href":"https:\/\/radioclubedeinhapim.com.br\/index.php\/wp-json\/wp\/v2\/categories?post=4951"},{"taxonomy":"post_tag","embeddable":true,"href":"https:\/\/radioclubedeinhapim.com.br\/index.php\/wp-json\/wp\/v2\/tags?post=4951"}],"curies":[{"name":"wp","href":"https:\/\/api.w.org\/{rel}","templated":true}]}}