{"id":4967,"date":"2025-04-25T10:25:10","date_gmt":"2025-04-25T13:25:10","guid":{"rendered":"https:\/\/radioclubedeinhapim.com.br\/?p=4967"},"modified":"2025-04-25T10:25:10","modified_gmt":"2025-04-25T13:25:10","slug":"crianca-com-deficiencia-e-brutalmente-agredida-em-escola-de-ibatiba","status":"publish","type":"post","link":"https:\/\/radioclubedeinhapim.com.br\/index.php\/2025\/04\/25\/crianca-com-deficiencia-e-brutalmente-agredida-em-escola-de-ibatiba\/","title":{"rendered":"Crian\u00e7a com defici\u00eancia \u00e9 brutalmente agredida em escola de Ibatiba"},"content":{"rendered":"\n<p><a><\/a>Um estudante de 12 anos, com defici\u00eancia auditiva, da Escola Municipal David Gomes, em Ibatiba (ES), foi supostamente agredido por dois colegas de turma na \u00faltima ter\u00e7a-feira (15), durante o per\u00edodo em que a sala estava sem professor. A den\u00fancia foi feita pela m\u00e3e, Jeorgiane dos Reis Andrade, por meio de um v\u00eddeo nas redes sociais e confirmada com registro de Boletim de Ocorr\u00eancia.<\/p>\n\n\n\n<p>Segundo o relato da crian\u00e7a, ele foi enforcado, levou tapas no rosto e socos pelo corpo, sem conseguir se defender. A m\u00e3e o levou ao pronto-socorro, onde foram constatados hematomas e suspeita de les\u00e3o na coluna, o que motivou a transfer\u00eancia para o Hospital Infantil de Vit\u00f3ria. Apesar de a fratura ter sido descartada, o menino segue com dores, boca cortada e sintomas de trauma psicol\u00f3gico \u2014 acorda gritando e tem medo de ficar sozinho.<\/p>\n\n\n\n<p>Jeorgiane tamb\u00e9m criticou a falta de comunica\u00e7\u00e3o da escola, que s\u00f3 a procurou ap\u00f3s a publica\u00e7\u00e3o do caso nas redes sociais. Ela afirma que ficou sabendo da agress\u00e3o ao buscar o filho, e que nenhum representante da escola havia informado o ocorrido. Uma reuni\u00e3o com a dire\u00e7\u00e3o s\u00f3 foi marcada no dia seguinte.<\/p>\n\n\n\n<p>O Conselho Tutelar informou que orientou a escola a levar o aluno ao hospital, o que n\u00e3o foi feito \u2014 a pr\u00f3pria m\u00e3e conduziu o filho ao atendimento. A Pol\u00edcia Militar registrou que o estudante comunicou a agress\u00e3o \u00e0 dire\u00e7\u00e3o, mas n\u00e3o houve a\u00e7\u00e3o imediata.<\/p>\n\n\n\n<p>A Prefeitura de Ibatiba declarou, em nota, que s\u00f3 teve conhecimento do caso ap\u00f3s a repercuss\u00e3o nas redes sociais. Disse ainda que as secretarias competentes iniciaram a apura\u00e7\u00e3o dos fatos e que todas as medidas cab\u00edveis ser\u00e3o tomadas com seriedade e respeito, conforme a legisla\u00e7\u00e3o.<\/p>\n","protected":false},"excerpt":{"rendered":"<p>Um estudante de 12 anos, com defici\u00eancia auditiva, da Escola Municipal David Gomes, em Ibatiba (ES), foi supostamente agredido por dois colegas de turma na \u00faltima ter\u00e7a-feira (15), durante o per\u00edodo em que a sala estava sem professor. A den\u00fancia foi feita pela m\u00e3e, Jeorgiane dos Reis Andrade, por meio de um v\u00eddeo nas redes [&hellip;]<\/p>\n","protected":false},"author":2,"featured_media":4968,"comment_status":"open","ping_status":"open","sticky":false,"template":"","format":"standard","meta":{"footnotes":""},"categories":[5],"tags":[],"class_list":["post-4967","post","type-post","status-publish","format-standard","has-post-thumbnail","hentry","category-noticias"],"wpmagazine_modules_lite_featured_media_urls":{"thumbnail":["https:\/\/radioclubedeinhapim.com.br\/wp-content\/uploads\/2025\/04\/Copia-de-Inserir-um-subtitulo-2025-04-25T100443.554-150x150.jpg",150,150,true],"cvmm-medium":["https:\/\/radioclubedeinhapim.com.br\/wp-content\/uploads\/2025\/04\/Copia-de-Inserir-um-subtitulo-2025-04-25T100443.554-300x300.jpg",300,300,true],"cvmm-medium-plus":["https:\/\/radioclubedeinhapim.com.br\/wp-content\/uploads\/2025\/04\/Copia-de-Inserir-um-subtitulo-2025-04-25T100443.554-305x207.jpg",305,207,true],"cvmm-portrait":["https:\/\/radioclubedeinhapim.com.br\/wp-content\/uploads\/2025\/04\/Copia-de-Inserir-um-subtitulo-2025-04-25T100443.554-400x600.jpg",400,600,true],"cvmm-medium-square":["https:\/\/radioclubedeinhapim.com.br\/wp-content\/uploads\/2025\/04\/Copia-de-Inserir-um-subtitulo-2025-04-25T100443.554-600x600.jpg",600,600,true],"cvmm-large":["https:\/\/radioclubedeinhapim.com.br\/wp-content\/uploads\/2025\/04\/Copia-de-Inserir-um-subtitulo-2025-04-25T100443.554-1024x1024.jpg",1024,1024,true],"cvmm-small":["https:\/\/radioclubedeinhapim.com.br\/wp-content\/uploads\/2025\/04\/Copia-de-Inserir-um-subtitulo-2025-04-25T100443.554-130x95.jpg",130,95,true],"full":["https:\/\/radioclubedeinhapim.com.br\/wp-content\/uploads\/2025\/04\/Copia-de-Inserir-um-subtitulo-2025-04-25T100443.554.jpg",1080,1080,false]},"categories_names":{"5":{"name":"Not\u00edcias","link":"https:\/\/radioclubedeinhapim.com.br\/index.php\/category\/noticias\/"}},"tags_names":[],"comments_number":"0","_links":{"self":[{"href":"https:\/\/radioclubedeinhapim.com.br\/index.php\/wp-json\/wp\/v2\/posts\/4967","targetHints":{"allow":["GET"]}}],"collection":[{"href":"https:\/\/radioclubedeinhapim.com.br\/index.php\/wp-json\/wp\/v2\/posts"}],"about":[{"href":"https:\/\/radioclubedeinhapim.com.br\/index.php\/wp-json\/wp\/v2\/types\/post"}],"author":[{"embeddable":true,"href":"https:\/\/radioclubedeinhapim.com.br\/index.php\/wp-json\/wp\/v2\/users\/2"}],"replies":[{"embeddable":true,"href":"https:\/\/radioclubedeinhapim.com.br\/index.php\/wp-json\/wp\/v2\/comments?post=4967"}],"version-history":[{"count":1,"href":"https:\/\/radioclubedeinhapim.com.br\/index.php\/wp-json\/wp\/v2\/posts\/4967\/revisions"}],"predecessor-version":[{"id":4969,"href":"https:\/\/radioclubedeinhapim.com.br\/index.php\/wp-json\/wp\/v2\/posts\/4967\/revisions\/4969"}],"wp:featuredmedia":[{"embeddable":true,"href":"https:\/\/radioclubedeinhapim.com.br\/index.php\/wp-json\/wp\/v2\/media\/4968"}],"wp:attachment":[{"href":"https:\/\/radioclubedeinhapim.com.br\/index.php\/wp-json\/wp\/v2\/media?parent=4967"}],"wp:term":[{"taxonomy":"category","embeddable":true,"href":"https:\/\/radioclubedeinhapim.com.br\/index.php\/wp-json\/wp\/v2\/categories?post=4967"},{"taxonomy":"post_tag","embeddable":true,"href":"https:\/\/radioclubedeinhapim.com.br\/index.php\/wp-json\/wp\/v2\/tags?post=4967"}],"curies":[{"name":"wp","href":"https:\/\/api.w.org\/{rel}","templated":true}]}}