{"id":4999,"date":"2025-04-28T16:53:59","date_gmt":"2025-04-28T19:53:59","guid":{"rendered":"https:\/\/radioclubedeinhapim.com.br\/?p=4999"},"modified":"2025-04-28T16:53:59","modified_gmt":"2025-04-28T19:53:59","slug":"energia-comeca-a-voltar-em-portugal-e-espanha-horas-depois-de-apagao","status":"publish","type":"post","link":"https:\/\/radioclubedeinhapim.com.br\/index.php\/2025\/04\/28\/energia-comeca-a-voltar-em-portugal-e-espanha-horas-depois-de-apagao\/","title":{"rendered":"Energia come\u00e7a a voltar em Portugal e Espanha horas depois de apag\u00e3o"},"content":{"rendered":"\n<p>A <a><\/a>energia el\u00e9trica come\u00e7ou a ser reestabelecida em partes de Portugal e Espanha, horas depois de um apag\u00e3o atingir a Pen\u00ednsula Ib\u00e9rica. A informa\u00e7\u00e3o foi confirmada pelas operadoras de redes dos dois pa\u00edses.<\/p>\n\n\n\n<p>De acordo com a Ren\u00e9 El\u00e9trica Nacional (REN), fornecedora de energia portuguesa, as produ\u00e7\u00f5es da hidrel\u00e9trica de Castelo de Bode e da usina termel\u00e9trica da Tapada de Outeiro j\u00e1 foram reativadas. Com isso, a energia est\u00e1 sendo gradualmente reestabelecida em Portugal. Primeiro, a energia deve voltar nas \u00e1reas pr\u00f3ximas \u00e0s usinas e, depois, ir\u00e1 progressivamente para o resto do pa\u00eds.<\/p>\n\n\n\n<p>J\u00e1 a Red El\u00e9trica (REE), operado de rede da Espanha, afirma que a eletricidade j\u00e1 foi restaurada em v\u00e1rias regi\u00f5es do pa\u00eds, incluindo Catalunha, Arag\u00e3o, Pa\u00eds Basco e Andaluzia.<\/p>\n\n\n\n<p>Apag\u00e3o na Europa<\/p>\n\n\n\n<p>Nesta manh\u00e3, v\u00e1rias cidades de Portugal, Espanha, Fran\u00e7a, It\u00e1lia e outros pa\u00edses europeus foram afetadas pelo apag\u00e3o. Servi\u00e7os de sa\u00fade, de transporte, de telefonia e outros foram prejudicados pelo ocorrido. Havia suspeita de ataque cibern\u00e9tico.<\/p>\n\n\n\n<p>Um \u201cfen\u00f4meno atmosf\u00e9rico raro\u201d causou a falha na rede el\u00e9trica espanhola. Varia\u00e7\u00f5es extremas de temperaturas no interior da Espanha causaram oscila\u00e7\u00f5es anormais nas linhas de alta tens\u00e3o, afirmou a operadora de energia REN.<\/p>\n\n\n\n<p>O fornecimento de energia deve demorar entre seis a dez horas para ser reestabelecido, segundo a operadora Red El\u00e9ctrica.<\/p>\n","protected":false},"excerpt":{"rendered":"<p>A energia el\u00e9trica come\u00e7ou a ser reestabelecida em partes de Portugal e Espanha, horas depois de um apag\u00e3o atingir a Pen\u00ednsula Ib\u00e9rica. A informa\u00e7\u00e3o foi confirmada pelas operadoras de redes dos dois pa\u00edses. De acordo com a Ren\u00e9 El\u00e9trica Nacional (REN), fornecedora de energia portuguesa, as produ\u00e7\u00f5es da hidrel\u00e9trica de Castelo de Bode e da [&hellip;]<\/p>\n","protected":false},"author":2,"featured_media":5000,"comment_status":"open","ping_status":"open","sticky":false,"template":"","format":"standard","meta":{"footnotes":""},"categories":[5],"tags":[],"class_list":["post-4999","post","type-post","status-publish","format-standard","has-post-thumbnail","hentry","category-noticias"],"wpmagazine_modules_lite_featured_media_urls":{"thumbnail":["https:\/\/radioclubedeinhapim.com.br\/wp-content\/uploads\/2025\/04\/Copia-de-Inserir-um-subtitulo-4-150x150.jpg",150,150,true],"cvmm-medium":["https:\/\/radioclubedeinhapim.com.br\/wp-content\/uploads\/2025\/04\/Copia-de-Inserir-um-subtitulo-4-300x300.jpg",300,300,true],"cvmm-medium-plus":["https:\/\/radioclubedeinhapim.com.br\/wp-content\/uploads\/2025\/04\/Copia-de-Inserir-um-subtitulo-4-305x207.jpg",305,207,true],"cvmm-portrait":["https:\/\/radioclubedeinhapim.com.br\/wp-content\/uploads\/2025\/04\/Copia-de-Inserir-um-subtitulo-4-400x600.jpg",400,600,true],"cvmm-medium-square":["https:\/\/radioclubedeinhapim.com.br\/wp-content\/uploads\/2025\/04\/Copia-de-Inserir-um-subtitulo-4-600x600.jpg",600,600,true],"cvmm-large":["https:\/\/radioclubedeinhapim.com.br\/wp-content\/uploads\/2025\/04\/Copia-de-Inserir-um-subtitulo-4-1024x1024.jpg",1024,1024,true],"cvmm-small":["https:\/\/radioclubedeinhapim.com.br\/wp-content\/uploads\/2025\/04\/Copia-de-Inserir-um-subtitulo-4-130x95.jpg",130,95,true],"full":["https:\/\/radioclubedeinhapim.com.br\/wp-content\/uploads\/2025\/04\/Copia-de-Inserir-um-subtitulo-4.jpg",1080,1080,false]},"categories_names":{"5":{"name":"Not\u00edcias","link":"https:\/\/radioclubedeinhapim.com.br\/index.php\/category\/noticias\/"}},"tags_names":[],"comments_number":"0","_links":{"self":[{"href":"https:\/\/radioclubedeinhapim.com.br\/index.php\/wp-json\/wp\/v2\/posts\/4999","targetHints":{"allow":["GET"]}}],"collection":[{"href":"https:\/\/radioclubedeinhapim.com.br\/index.php\/wp-json\/wp\/v2\/posts"}],"about":[{"href":"https:\/\/radioclubedeinhapim.com.br\/index.php\/wp-json\/wp\/v2\/types\/post"}],"author":[{"embeddable":true,"href":"https:\/\/radioclubedeinhapim.com.br\/index.php\/wp-json\/wp\/v2\/users\/2"}],"replies":[{"embeddable":true,"href":"https:\/\/radioclubedeinhapim.com.br\/index.php\/wp-json\/wp\/v2\/comments?post=4999"}],"version-history":[{"count":1,"href":"https:\/\/radioclubedeinhapim.com.br\/index.php\/wp-json\/wp\/v2\/posts\/4999\/revisions"}],"predecessor-version":[{"id":5001,"href":"https:\/\/radioclubedeinhapim.com.br\/index.php\/wp-json\/wp\/v2\/posts\/4999\/revisions\/5001"}],"wp:featuredmedia":[{"embeddable":true,"href":"https:\/\/radioclubedeinhapim.com.br\/index.php\/wp-json\/wp\/v2\/media\/5000"}],"wp:attachment":[{"href":"https:\/\/radioclubedeinhapim.com.br\/index.php\/wp-json\/wp\/v2\/media?parent=4999"}],"wp:term":[{"taxonomy":"category","embeddable":true,"href":"https:\/\/radioclubedeinhapim.com.br\/index.php\/wp-json\/wp\/v2\/categories?post=4999"},{"taxonomy":"post_tag","embeddable":true,"href":"https:\/\/radioclubedeinhapim.com.br\/index.php\/wp-json\/wp\/v2\/tags?post=4999"}],"curies":[{"name":"wp","href":"https:\/\/api.w.org\/{rel}","templated":true}]}}