{"id":5002,"date":"2025-04-28T16:55:19","date_gmt":"2025-04-28T19:55:19","guid":{"rendered":"https:\/\/radioclubedeinhapim.com.br\/?p=5002"},"modified":"2025-04-28T16:55:19","modified_gmt":"2025-04-28T19:55:19","slug":"chuva-intensa-provoca-alagamentos-no-centro-de-caratinga-nesta-segunda-feira","status":"publish","type":"post","link":"https:\/\/radioclubedeinhapim.com.br\/index.php\/2025\/04\/28\/chuva-intensa-provoca-alagamentos-no-centro-de-caratinga-nesta-segunda-feira\/","title":{"rendered":"Chuva intensa provoca alagamentos no centro de Caratinga nesta segunda-feira"},"content":{"rendered":"\n<p><a><\/a>Na tarde desta segunda-feira (28), o centro de Caratinga, Minas Gerais, enfrentou fortes chuvas que resultaram em alagamentos em diversas vias. Imagens compartilhadas nas redes sociais mostram ruas completamente cobertas por \u00e1gua, com ve\u00edculos enfrentando dificuldades para transitar e pedestres buscando abrigo em locais mais altos.<\/p>\n\n\n\n<p>De acordo com o Instituto Nacional de Meteorologia (INMET), Caratinga est\u00e1 sob alerta amarelo de chuvas intensas at\u00e9 as 10h de ter\u00e7a-feira (29). A previs\u00e3o indica precipita\u00e7\u00f5es entre 20 e 30 mm\/h ou at\u00e9 50 mm\/dia, acompanhadas de ventos intensos de 40 a 60 km\/h. H\u00e1 risco de alagamentos, queda de galhos de \u00e1rvores e descargas el\u00e9tricas. Em caso de emerg\u00eancia, recomenda-se acionar a Defesa Civil pelo telefone 199 ou o Corpo de Bombeiros pelo 193. ([Previs\u00e3o do tempo: 724 cidades de Minas podem ter chuva intensa na manh\u00e3 desta ter\u00e7a;<\/p>\n\n\n\n<p>Previs\u00e3o do tempo para hoje (28\/04):<\/p>\n\n\n\n<p>&#8211; Caratinga: O dia permanece predominantemente nublado, com temperaturas variando entre 18\u00b0C e 25\u00b0C. H\u00e1 possibilidade de chuva ao longo do dia. ([Previs\u00e3o do tempo e clima para hoje em Caratinga &#8211; MG:<\/p>\n\n\n\n<p>&#8211; Inhapim: Assim como em Caratinga, Inhapim tamb\u00e9m enfrenta um dia nublado, com temperaturas entre 18\u00b0C e 24\u00b0C. A previs\u00e3o indica chuvas isoladas durante a tarde e \u00e0 noite.<\/p>\n\n\n\n<p>A popula\u00e7\u00e3o das regi\u00f5es afetadas deve permanecer atenta \u00e0s atualiza\u00e7\u00f5es meteorol\u00f3gicas e seguir as orienta\u00e7\u00f5es das autoridades locais para garantir a seguran\u00e7a.<br><a href=\"https:\/\/www.facebook.com\/share\/r\/1Fzrxi4S1t\/\" data-type=\"link\" data-id=\"https:\/\/www.facebook.com\/share\/r\/1Fzrxi4S1t\/\"><br>ASSISTA O V\u00cdDEO AQUI<\/a><\/p>\n","protected":false},"excerpt":{"rendered":"<p>Na tarde desta segunda-feira (28), o centro de Caratinga, Minas Gerais, enfrentou fortes chuvas que resultaram em alagamentos em diversas vias. Imagens compartilhadas nas redes sociais mostram ruas completamente cobertas por \u00e1gua, com ve\u00edculos enfrentando dificuldades para transitar e pedestres buscando abrigo em locais mais altos. De acordo com o Instituto Nacional de Meteorologia (INMET), [&hellip;]<\/p>\n","protected":false},"author":2,"featured_media":5003,"comment_status":"open","ping_status":"open","sticky":false,"template":"","format":"standard","meta":{"footnotes":""},"categories":[1],"tags":[],"class_list":["post-5002","post","type-post","status-publish","format-standard","has-post-thumbnail","hentry","category-uncategorized"],"wpmagazine_modules_lite_featured_media_urls":{"thumbnail":["https:\/\/radioclubedeinhapim.com.br\/wp-content\/uploads\/2025\/04\/Copia-de-Inserir-um-subtitulo-1-1-150x150.jpg",150,150,true],"cvmm-medium":["https:\/\/radioclubedeinhapim.com.br\/wp-content\/uploads\/2025\/04\/Copia-de-Inserir-um-subtitulo-1-1-300x300.jpg",300,300,true],"cvmm-medium-plus":["https:\/\/radioclubedeinhapim.com.br\/wp-content\/uploads\/2025\/04\/Copia-de-Inserir-um-subtitulo-1-1-305x207.jpg",305,207,true],"cvmm-portrait":["https:\/\/radioclubedeinhapim.com.br\/wp-content\/uploads\/2025\/04\/Copia-de-Inserir-um-subtitulo-1-1-400x600.jpg",400,600,true],"cvmm-medium-square":["https:\/\/radioclubedeinhapim.com.br\/wp-content\/uploads\/2025\/04\/Copia-de-Inserir-um-subtitulo-1-1-600x600.jpg",600,600,true],"cvmm-large":["https:\/\/radioclubedeinhapim.com.br\/wp-content\/uploads\/2025\/04\/Copia-de-Inserir-um-subtitulo-1-1-1024x1024.jpg",1024,1024,true],"cvmm-small":["https:\/\/radioclubedeinhapim.com.br\/wp-content\/uploads\/2025\/04\/Copia-de-Inserir-um-subtitulo-1-1-130x95.jpg",130,95,true],"full":["https:\/\/radioclubedeinhapim.com.br\/wp-content\/uploads\/2025\/04\/Copia-de-Inserir-um-subtitulo-1-1.jpg",1080,1080,false]},"categories_names":{"1":{"name":"Uncategorized","link":"https:\/\/radioclubedeinhapim.com.br\/index.php\/category\/uncategorized\/"}},"tags_names":[],"comments_number":"0","_links":{"self":[{"href":"https:\/\/radioclubedeinhapim.com.br\/index.php\/wp-json\/wp\/v2\/posts\/5002","targetHints":{"allow":["GET"]}}],"collection":[{"href":"https:\/\/radioclubedeinhapim.com.br\/index.php\/wp-json\/wp\/v2\/posts"}],"about":[{"href":"https:\/\/radioclubedeinhapim.com.br\/index.php\/wp-json\/wp\/v2\/types\/post"}],"author":[{"embeddable":true,"href":"https:\/\/radioclubedeinhapim.com.br\/index.php\/wp-json\/wp\/v2\/users\/2"}],"replies":[{"embeddable":true,"href":"https:\/\/radioclubedeinhapim.com.br\/index.php\/wp-json\/wp\/v2\/comments?post=5002"}],"version-history":[{"count":1,"href":"https:\/\/radioclubedeinhapim.com.br\/index.php\/wp-json\/wp\/v2\/posts\/5002\/revisions"}],"predecessor-version":[{"id":5004,"href":"https:\/\/radioclubedeinhapim.com.br\/index.php\/wp-json\/wp\/v2\/posts\/5002\/revisions\/5004"}],"wp:featuredmedia":[{"embeddable":true,"href":"https:\/\/radioclubedeinhapim.com.br\/index.php\/wp-json\/wp\/v2\/media\/5003"}],"wp:attachment":[{"href":"https:\/\/radioclubedeinhapim.com.br\/index.php\/wp-json\/wp\/v2\/media?parent=5002"}],"wp:term":[{"taxonomy":"category","embeddable":true,"href":"https:\/\/radioclubedeinhapim.com.br\/index.php\/wp-json\/wp\/v2\/categories?post=5002"},{"taxonomy":"post_tag","embeddable":true,"href":"https:\/\/radioclubedeinhapim.com.br\/index.php\/wp-json\/wp\/v2\/tags?post=5002"}],"curies":[{"name":"wp","href":"https:\/\/api.w.org\/{rel}","templated":true}]}}