{"id":5170,"date":"2025-05-10T09:20:19","date_gmt":"2025-05-10T12:20:19","guid":{"rendered":"https:\/\/radioclubedeinhapim.com.br\/?p=5170"},"modified":"2025-05-10T09:20:19","modified_gmt":"2025-05-10T12:20:19","slug":"homem-e-condenado-a-45-anos-por-feminicidio-com-40-golpes-de-faca-em-dom-cavati","status":"publish","type":"post","link":"https:\/\/radioclubedeinhapim.com.br\/index.php\/2025\/05\/10\/homem-e-condenado-a-45-anos-por-feminicidio-com-40-golpes-de-faca-em-dom-cavati\/","title":{"rendered":"Homem \u00e9 condenado a 45 anos por feminic\u00eddio com 40 golpes de faca em Dom Cavati"},"content":{"rendered":"\n<p>Em Sess\u00e3o do Tribunal do J\u00fari realizada nesta sexta-feira, 9 de maio de 2025, na Comarca de Inhapim\/MG, o r\u00e9u foi condenado a 45 anos de reclus\u00e3o, em regime inicialmente fechado, por homic\u00eddio qualificado majorado, na forma consumada. A senten\u00e7a foi proferida ap\u00f3s acolhimento integral da tese acusat\u00f3ria apresentada pelo Minist\u00e9rio P\u00fablico de Minas Gerais, por meio das 1\u00aa e 2\u00aa Promotorias de Justi\u00e7a de Inhapim.<\/p>\n\n\n\n<p>O crime ocorreu na madrugada de 15 de junho de 2024, por volta das 3h14, em uma resid\u00eancia localizada na Rua Jeremias, Bairro Serapi\u00e3o, em Dom Cavati\/MG. De acordo com a den\u00fancia, o r\u00e9u, de 29 anos \u00e0 \u00e9poca dos fatos, matou a v\u00edtima \u2014 uma mulher de 28 anos \u2014 com 40 golpes de faca. O ataque, conforme apurado, teria sido motivado por ci\u00fames, ap\u00f3s o acusado descobrir que a v\u00edtima estaria gr\u00e1vida de outro homem.<\/p>\n\n\n\n<p>Testemunhas relataram que o crime teve in\u00edcio ap\u00f3s uma discuss\u00e3o. Durante o ataque, o r\u00e9u afirmou que, se a mulher n\u00e3o ficasse com ele, n\u00e3o ficaria com mais ningu\u00e9m. O filho mais velho da v\u00edtima, de apenas 12 anos, tentou intervir, mas foi impedido pela for\u00e7a f\u00edsica e viol\u00eancia do agressor.<\/p>\n\n\n\n<p>A condena\u00e7\u00e3o foi fundamentada nos incisos I (motivo torpe), III (meio cruel), IV (recurso que dificultou ou tornou imposs\u00edvel a defesa da v\u00edtima) e VI (feminic\u00eddio) do \u00a72\u00ba do artigo 121 do C\u00f3digo Penal. A pena de 45 anos foi fixada com a decreta\u00e7\u00e3o da pris\u00e3o ainda em plen\u00e1rio.<\/p>\n\n\n\n<p>O Minist\u00e9rio P\u00fablico destaca que o caso representa n\u00e3o apenas a puni\u00e7\u00e3o de um crime b\u00e1rbaro, mas tamb\u00e9m uma resposta da sociedade diante da viol\u00eancia de g\u00eanero.<\/p>\n\n\n\n<p>Na avalia\u00e7\u00e3o dos Promotores de Justi\u00e7a, a senten\u00e7a \u00e9 uma importante vit\u00f3ria no combate aos feminic\u00eddios e refor\u00e7a a import\u00e2ncia da atua\u00e7\u00e3o firme do sistema de Justi\u00e7a na prote\u00e7\u00e3o da vida e da dignidade das mulheres.<\/p>\n","protected":false},"excerpt":{"rendered":"<p>Em Sess\u00e3o do Tribunal do J\u00fari realizada nesta sexta-feira, 9 de maio de 2025, na Comarca de Inhapim\/MG, o r\u00e9u foi condenado a 45 anos de reclus\u00e3o, em regime inicialmente fechado, por homic\u00eddio qualificado majorado, na forma consumada. A senten\u00e7a foi proferida ap\u00f3s acolhimento integral da tese acusat\u00f3ria apresentada pelo Minist\u00e9rio P\u00fablico de Minas Gerais, [&hellip;]<\/p>\n","protected":false},"author":2,"featured_media":5172,"comment_status":"open","ping_status":"open","sticky":false,"template":"","format":"standard","meta":{"footnotes":""},"categories":[1],"tags":[],"class_list":["post-5170","post","type-post","status-publish","format-standard","has-post-thumbnail","hentry","category-uncategorized"],"wpmagazine_modules_lite_featured_media_urls":{"thumbnail":["https:\/\/radioclubedeinhapim.com.br\/wp-content\/uploads\/2025\/05\/5-150x150.jpg",150,150,true],"cvmm-medium":["https:\/\/radioclubedeinhapim.com.br\/wp-content\/uploads\/2025\/05\/5-300x300.jpg",300,300,true],"cvmm-medium-plus":["https:\/\/radioclubedeinhapim.com.br\/wp-content\/uploads\/2025\/05\/5-305x207.jpg",305,207,true],"cvmm-portrait":["https:\/\/radioclubedeinhapim.com.br\/wp-content\/uploads\/2025\/05\/5-400x600.jpg",400,600,true],"cvmm-medium-square":["https:\/\/radioclubedeinhapim.com.br\/wp-content\/uploads\/2025\/05\/5-600x600.jpg",600,600,true],"cvmm-large":["https:\/\/radioclubedeinhapim.com.br\/wp-content\/uploads\/2025\/05\/5.jpg",960,960,false],"cvmm-small":["https:\/\/radioclubedeinhapim.com.br\/wp-content\/uploads\/2025\/05\/5-130x95.jpg",130,95,true],"full":["https:\/\/radioclubedeinhapim.com.br\/wp-content\/uploads\/2025\/05\/5.jpg",960,960,false]},"categories_names":{"1":{"name":"Uncategorized","link":"https:\/\/radioclubedeinhapim.com.br\/index.php\/category\/uncategorized\/"}},"tags_names":[],"comments_number":"0","_links":{"self":[{"href":"https:\/\/radioclubedeinhapim.com.br\/index.php\/wp-json\/wp\/v2\/posts\/5170","targetHints":{"allow":["GET"]}}],"collection":[{"href":"https:\/\/radioclubedeinhapim.com.br\/index.php\/wp-json\/wp\/v2\/posts"}],"about":[{"href":"https:\/\/radioclubedeinhapim.com.br\/index.php\/wp-json\/wp\/v2\/types\/post"}],"author":[{"embeddable":true,"href":"https:\/\/radioclubedeinhapim.com.br\/index.php\/wp-json\/wp\/v2\/users\/2"}],"replies":[{"embeddable":true,"href":"https:\/\/radioclubedeinhapim.com.br\/index.php\/wp-json\/wp\/v2\/comments?post=5170"}],"version-history":[{"count":1,"href":"https:\/\/radioclubedeinhapim.com.br\/index.php\/wp-json\/wp\/v2\/posts\/5170\/revisions"}],"predecessor-version":[{"id":5173,"href":"https:\/\/radioclubedeinhapim.com.br\/index.php\/wp-json\/wp\/v2\/posts\/5170\/revisions\/5173"}],"wp:featuredmedia":[{"embeddable":true,"href":"https:\/\/radioclubedeinhapim.com.br\/index.php\/wp-json\/wp\/v2\/media\/5172"}],"wp:attachment":[{"href":"https:\/\/radioclubedeinhapim.com.br\/index.php\/wp-json\/wp\/v2\/media?parent=5170"}],"wp:term":[{"taxonomy":"category","embeddable":true,"href":"https:\/\/radioclubedeinhapim.com.br\/index.php\/wp-json\/wp\/v2\/categories?post=5170"},{"taxonomy":"post_tag","embeddable":true,"href":"https:\/\/radioclubedeinhapim.com.br\/index.php\/wp-json\/wp\/v2\/tags?post=5170"}],"curies":[{"name":"wp","href":"https:\/\/api.w.org\/{rel}","templated":true}]}}