{"id":521,"date":"2024-07-04T14:48:08","date_gmt":"2024-07-04T17:48:08","guid":{"rendered":"https:\/\/radioclubedeinhapim.com.br\/?p=521"},"modified":"2024-07-04T16:08:23","modified_gmt":"2024-07-04T19:08:23","slug":"filho-e-preso-suspeito-de-matar-o-pai-estrangulado-em-muniz-freire","status":"publish","type":"post","link":"https:\/\/radioclubedeinhapim.com.br\/index.php\/2024\/07\/04\/filho-e-preso-suspeito-de-matar-o-pai-estrangulado-em-muniz-freire\/","title":{"rendered":"Filho \u00e9 preso suspeito de matar o pai estrangulado em Muniz Freire"},"content":{"rendered":"\n<p>Um jovem 19 anos foi preso na ter\u00e7a-feira, 02 de julho de 2024, suspeito de matar o pr\u00f3prio pai na localidade de Alto Norte, no munic\u00edpio de Muniz Freire, na Regi\u00e3o do Capara\u00f3.<\/p>\n\n\n\n<p>Segundo a Pol\u00edcia Civil, o caso era investigado inicialmente como um suic\u00eddio, ocorrido no dia 26 de maio deste ano.<\/p>\n\n\n\n<p>De acordo com a Pol\u00edcia Civil, o suspeito foi preso por meio de um mandado de pris\u00e3o tempor\u00e1ria. O nome do detido n\u00e3o foi informado.<\/p>\n\n\n\n<p>O caso<\/p>\n\n\n\n<p>O caso aconteceu entre a noite do dia 26 de e a madrugada do dia 27 de maio. O pr\u00f3prio filho chamou a Pol\u00edcia Militar e contou que o pai havia cometido suic\u00eddio dentro da casa onde moravam. Os militares estiveram no local, acionaram a per\u00edcia da Pol\u00edcia Cient\u00edfica (PCIES) e no dia seguinte, o rapaz foi ouvido e liberado, na condi\u00e7\u00e3o de testemunha.<\/p>\n\n\n\n<p>Reviravolta<\/p>\n\n\n\n<p>Segundo a Pol\u00edcia Civil, durante a investiga\u00e7\u00e3o, foram encontrados ind\u00edcios de que o caso se tratava, na verdade, de um assassinato e o principal suspeito seria o filho da v\u00edtima.<\/p>\n\n\n\n<p>\u201cN\u00f3s apuramos que existiam contradi\u00e7\u00f5es no depoimento do suspeito e tamb\u00e9m indicativos nos exames periciais de que a v\u00edtima teria sido estrangulada e n\u00e3o cometido o suic\u00eddio\u201d, explicou o titular da Delegacia de Pol\u00edcia (DP) de Muniz Freire, delegado H\u00e9lio Fl\u00e1vio Martins.<\/p>\n\n\n\n<p>Depois, o rapaz compareceu novamente \u00e0 delegacia, mas na condi\u00e7\u00e3o de investigado. Por\u00e9m, reafirmou que o pai havia cometido suic\u00eddio.<\/p>\n\n\n\n<p>\u201cApuramos que uma poss\u00edvel motiva\u00e7\u00e3o seria uma desaven\u00e7a entre pai e filho. Uma das testemunhas nos relatou que o pai reclamava que o filho seria usu\u00e1rio de entorpecentes\u201d, H\u00e9lio Fl\u00e1vio Martins.<\/p>\n\n\n\n<p>Ap\u00f3s toda a investiga\u00e7\u00e3o, o delegado representou pela pris\u00e3o tempor\u00e1ria do investigado e ele foi detido enquanto trabalhava em uma lavoura de caf\u00e9, no munic\u00edpio de Brejetuba. Ap\u00f3s os procedimentos, ele foi encaminhado ao sistema prisional.<\/p>\n\n\n\n<p>A Pol\u00edcia Civil agora aguarda a conclus\u00e3o dos laudos periciais para a conclus\u00e3o da investiga\u00e7\u00e3o. Ap\u00f3s a entrega desses resultados, o inqu\u00e9rito ser\u00e1 conclu\u00eddo e encaminhado \u00e0 Justi\u00e7a.<\/p>\n\n\n\n<p>A Gazeta<\/p>\n","protected":false},"excerpt":{"rendered":"<p>Um jovem 19 anos foi preso na ter\u00e7a-feira, 02 de julho de 2024, suspeito de matar o pr\u00f3prio pai na localidade de Alto Norte, no munic\u00edpio de Muniz Freire, na Regi\u00e3o do Capara\u00f3. Segundo a Pol\u00edcia Civil, o caso era investigado inicialmente como um suic\u00eddio, ocorrido no dia 26 de maio deste ano. De acordo [&hellip;]<\/p>\n","protected":false},"author":2,"featured_media":526,"comment_status":"open","ping_status":"open","sticky":false,"template":"","format":"standard","meta":{"footnotes":""},"categories":[5],"tags":[],"class_list":["post-521","post","type-post","status-publish","format-standard","has-post-thumbnail","hentry","category-noticias"],"wpmagazine_modules_lite_featured_media_urls":{"thumbnail":["https:\/\/radioclubedeinhapim.com.br\/wp-content\/uploads\/2024\/07\/1-2-150x150.jpg",150,150,true],"cvmm-medium":["https:\/\/radioclubedeinhapim.com.br\/wp-content\/uploads\/2024\/07\/1-2-300x300.jpg",300,300,true],"cvmm-medium-plus":["https:\/\/radioclubedeinhapim.com.br\/wp-content\/uploads\/2024\/07\/1-2-305x207.jpg",305,207,true],"cvmm-portrait":["https:\/\/radioclubedeinhapim.com.br\/wp-content\/uploads\/2024\/07\/1-2-400x600.jpg",400,600,true],"cvmm-medium-square":["https:\/\/radioclubedeinhapim.com.br\/wp-content\/uploads\/2024\/07\/1-2-600x600.jpg",600,600,true],"cvmm-large":["https:\/\/radioclubedeinhapim.com.br\/wp-content\/uploads\/2024\/07\/1-2-1024x1024.jpg",1024,1024,true],"cvmm-small":["https:\/\/radioclubedeinhapim.com.br\/wp-content\/uploads\/2024\/07\/1-2-130x95.jpg",130,95,true],"full":["https:\/\/radioclubedeinhapim.com.br\/wp-content\/uploads\/2024\/07\/1-2.jpg",1080,1080,false]},"categories_names":{"5":{"name":"Not\u00edcias","link":"https:\/\/radioclubedeinhapim.com.br\/index.php\/category\/noticias\/"}},"tags_names":[],"comments_number":"0","_links":{"self":[{"href":"https:\/\/radioclubedeinhapim.com.br\/index.php\/wp-json\/wp\/v2\/posts\/521","targetHints":{"allow":["GET"]}}],"collection":[{"href":"https:\/\/radioclubedeinhapim.com.br\/index.php\/wp-json\/wp\/v2\/posts"}],"about":[{"href":"https:\/\/radioclubedeinhapim.com.br\/index.php\/wp-json\/wp\/v2\/types\/post"}],"author":[{"embeddable":true,"href":"https:\/\/radioclubedeinhapim.com.br\/index.php\/wp-json\/wp\/v2\/users\/2"}],"replies":[{"embeddable":true,"href":"https:\/\/radioclubedeinhapim.com.br\/index.php\/wp-json\/wp\/v2\/comments?post=521"}],"version-history":[{"count":1,"href":"https:\/\/radioclubedeinhapim.com.br\/index.php\/wp-json\/wp\/v2\/posts\/521\/revisions"}],"predecessor-version":[{"id":524,"href":"https:\/\/radioclubedeinhapim.com.br\/index.php\/wp-json\/wp\/v2\/posts\/521\/revisions\/524"}],"wp:featuredmedia":[{"embeddable":true,"href":"https:\/\/radioclubedeinhapim.com.br\/index.php\/wp-json\/wp\/v2\/media\/526"}],"wp:attachment":[{"href":"https:\/\/radioclubedeinhapim.com.br\/index.php\/wp-json\/wp\/v2\/media?parent=521"}],"wp:term":[{"taxonomy":"category","embeddable":true,"href":"https:\/\/radioclubedeinhapim.com.br\/index.php\/wp-json\/wp\/v2\/categories?post=521"},{"taxonomy":"post_tag","embeddable":true,"href":"https:\/\/radioclubedeinhapim.com.br\/index.php\/wp-json\/wp\/v2\/tags?post=521"}],"curies":[{"name":"wp","href":"https:\/\/api.w.org\/{rel}","templated":true}]}}