{"id":5275,"date":"2025-05-17T10:12:29","date_gmt":"2025-05-17T13:12:29","guid":{"rendered":"https:\/\/radioclubedeinhapim.com.br\/?p=5275"},"modified":"2025-05-17T10:12:29","modified_gmt":"2025-05-17T13:12:29","slug":"policia-civil-prende-dois-homens-condenados-por-crimes-sexuais-contra-criancas-em-mutum-e-cel-fabriciano","status":"publish","type":"post","link":"https:\/\/radioclubedeinhapim.com.br\/index.php\/2025\/05\/17\/policia-civil-prende-dois-homens-condenados-por-crimes-sexuais-contra-criancas-em-mutum-e-cel-fabriciano\/","title":{"rendered":"Pol\u00edcia Civil prende dois homens condenados por crimes sexuais contra crian\u00e7as em Mutum e Cel. Fabriciano"},"content":{"rendered":"\n<p>A Pol\u00edcia Civil de Minas Gerais prendeu dois homens investigados e condenados por crimes sexuais contra crian\u00e7as e adolescentes durante a\u00e7\u00f5es realizadas nesta sexta-feira (16), no Leste do estado. As pris\u00f5es ocorreram nos munic\u00edpios de&nbsp;<a class=\"\" href=\"https:\/\/g1.globo.com\/mg\/vales-mg\/cidade\/mutum\/\">Mutum<\/a>&nbsp;e&nbsp;<a class=\"\" href=\"https:\/\/g1.globo.com\/mg\/vales-mg\/cidade\/coronel-fabriciano\/\">Coronel Fabriciano<\/a>&nbsp;e integram a campanha Maio Laranja, m\u00eas de combate ao abuso e \u00e0 explora\u00e7\u00e3o sexual infantil.<\/p>\n\n\n\n<p>Em Mutum, foi deflagrada a opera\u00e7\u00e3o Inf\u00e2ncia Protegida, que resultou na pris\u00e3o preventiva de um homem investigado por abusar sexualmente da pr\u00f3pria sobrinha, menor de 14 anos. Segundo a Pol\u00edcia Civil, a adolescente engravidou em decorr\u00eancia dos abusos.<\/p>\n\n\n\n<p>A pris\u00e3o foi autorizada pela Justi\u00e7a ap\u00f3s representa\u00e7\u00e3o da autoridade policial, diante da gravidade do caso. O homem foi localizado, preso e encaminhado ao sistema prisional, onde permanece \u00e0 disposi\u00e7\u00e3o da Justi\u00e7a.<\/p>\n\n\n\n<p>J\u00e1 em Coronel Fabriciano, um homem de 36 anos, condenado a 16 anos de reclus\u00e3o por estupro de vulner\u00e1vel, foi preso no \u00e2mbito da Opera\u00e7\u00e3o Caminhos Seguros, coordenada pela Secretaria de Estado de Justi\u00e7a e Seguran\u00e7a P\u00fablica (Sejusp).<\/p>\n\n\n\n<p>A a\u00e7\u00e3o foi poss\u00edvel a partir de dados de intelig\u00eancia compartilhados pela Diretoria de Intelig\u00eancia Policial (DIP) e pela Delegacia Especializada de Prote\u00e7\u00e3o \u00e0 Crian\u00e7a e ao Adolescente (Depca) de&nbsp;<a class=\"\" href=\"https:\/\/g1.globo.com\/mg\/minas-gerais\/cidade\/belo-horizonte\/\">Belo Horizonte<\/a>. Ap\u00f3s ser localizado, o suspeito foi preso e tamb\u00e9m encaminhado ao sistema prisional.<\/p>\n\n\n\n<p>As a\u00e7\u00f5es fazem parte das atividades de combate a crimes sexuais contra menores em Minas Gerais, que s\u00e3o intensificadas no m\u00eas de maio.<\/p>\n","protected":false},"excerpt":{"rendered":"<p>A Pol\u00edcia Civil de Minas Gerais prendeu dois homens investigados e condenados por crimes sexuais contra crian\u00e7as e adolescentes durante a\u00e7\u00f5es realizadas nesta sexta-feira (16), no Leste do estado. As pris\u00f5es ocorreram nos munic\u00edpios de&nbsp;Mutum&nbsp;e&nbsp;Coronel Fabriciano&nbsp;e integram a campanha Maio Laranja, m\u00eas de combate ao abuso e \u00e0 explora\u00e7\u00e3o sexual infantil. Em Mutum, foi deflagrada [&hellip;]<\/p>\n","protected":false},"author":2,"featured_media":5276,"comment_status":"open","ping_status":"open","sticky":false,"template":"","format":"standard","meta":{"footnotes":""},"categories":[5],"tags":[],"class_list":["post-5275","post","type-post","status-publish","format-standard","has-post-thumbnail","hentry","category-noticias"],"wpmagazine_modules_lite_featured_media_urls":{"thumbnail":["https:\/\/radioclubedeinhapim.com.br\/wp-content\/uploads\/2025\/05\/Copia-de-Inserir-um-subtitulo-7-150x150.jpg",150,150,true],"cvmm-medium":["https:\/\/radioclubedeinhapim.com.br\/wp-content\/uploads\/2025\/05\/Copia-de-Inserir-um-subtitulo-7-300x300.jpg",300,300,true],"cvmm-medium-plus":["https:\/\/radioclubedeinhapim.com.br\/wp-content\/uploads\/2025\/05\/Copia-de-Inserir-um-subtitulo-7-305x207.jpg",305,207,true],"cvmm-portrait":["https:\/\/radioclubedeinhapim.com.br\/wp-content\/uploads\/2025\/05\/Copia-de-Inserir-um-subtitulo-7-400x600.jpg",400,600,true],"cvmm-medium-square":["https:\/\/radioclubedeinhapim.com.br\/wp-content\/uploads\/2025\/05\/Copia-de-Inserir-um-subtitulo-7-600x600.jpg",600,600,true],"cvmm-large":["https:\/\/radioclubedeinhapim.com.br\/wp-content\/uploads\/2025\/05\/Copia-de-Inserir-um-subtitulo-7-1024x1024.jpg",1024,1024,true],"cvmm-small":["https:\/\/radioclubedeinhapim.com.br\/wp-content\/uploads\/2025\/05\/Copia-de-Inserir-um-subtitulo-7-130x95.jpg",130,95,true],"full":["https:\/\/radioclubedeinhapim.com.br\/wp-content\/uploads\/2025\/05\/Copia-de-Inserir-um-subtitulo-7.jpg",1080,1080,false]},"categories_names":{"5":{"name":"Not\u00edcias","link":"https:\/\/radioclubedeinhapim.com.br\/index.php\/category\/noticias\/"}},"tags_names":[],"comments_number":"0","_links":{"self":[{"href":"https:\/\/radioclubedeinhapim.com.br\/index.php\/wp-json\/wp\/v2\/posts\/5275","targetHints":{"allow":["GET"]}}],"collection":[{"href":"https:\/\/radioclubedeinhapim.com.br\/index.php\/wp-json\/wp\/v2\/posts"}],"about":[{"href":"https:\/\/radioclubedeinhapim.com.br\/index.php\/wp-json\/wp\/v2\/types\/post"}],"author":[{"embeddable":true,"href":"https:\/\/radioclubedeinhapim.com.br\/index.php\/wp-json\/wp\/v2\/users\/2"}],"replies":[{"embeddable":true,"href":"https:\/\/radioclubedeinhapim.com.br\/index.php\/wp-json\/wp\/v2\/comments?post=5275"}],"version-history":[{"count":1,"href":"https:\/\/radioclubedeinhapim.com.br\/index.php\/wp-json\/wp\/v2\/posts\/5275\/revisions"}],"predecessor-version":[{"id":5277,"href":"https:\/\/radioclubedeinhapim.com.br\/index.php\/wp-json\/wp\/v2\/posts\/5275\/revisions\/5277"}],"wp:featuredmedia":[{"embeddable":true,"href":"https:\/\/radioclubedeinhapim.com.br\/index.php\/wp-json\/wp\/v2\/media\/5276"}],"wp:attachment":[{"href":"https:\/\/radioclubedeinhapim.com.br\/index.php\/wp-json\/wp\/v2\/media?parent=5275"}],"wp:term":[{"taxonomy":"category","embeddable":true,"href":"https:\/\/radioclubedeinhapim.com.br\/index.php\/wp-json\/wp\/v2\/categories?post=5275"},{"taxonomy":"post_tag","embeddable":true,"href":"https:\/\/radioclubedeinhapim.com.br\/index.php\/wp-json\/wp\/v2\/tags?post=5275"}],"curies":[{"name":"wp","href":"https:\/\/api.w.org\/{rel}","templated":true}]}}