{"id":5337,"date":"2025-05-23T10:28:57","date_gmt":"2025-05-23T13:28:57","guid":{"rendered":"https:\/\/radioclubedeinhapim.com.br\/?p=5337"},"modified":"2025-05-23T10:28:57","modified_gmt":"2025-05-23T13:28:57","slug":"8a-reuniao-ordinaria-da-8a-legislatura-da-camara-municipal-de-sao-domingos-das-dores","status":"publish","type":"post","link":"https:\/\/radioclubedeinhapim.com.br\/index.php\/2025\/05\/23\/8a-reuniao-ordinaria-da-8a-legislatura-da-camara-municipal-de-sao-domingos-das-dores\/","title":{"rendered":"8\u00aa Reuni\u00e3o Ordin\u00e1ria da 8\u00aa legislatura da C\u00e2mara Municipal de S\u00e3o Domingos das Dores"},"content":{"rendered":"\n<p><a href=\"https:\/\/www.instagram.com\/p\/DJ_sHypKo9j\/\" data-type=\"link\" data-id=\"https:\/\/www.instagram.com\/p\/DJ_sHypKo9j\/\">ASSISTA O V\u00cdDEO<\/a><\/p>\n\n\n\n<p>A <a><\/a>C\u00e2mara de S\u00e3o Domingos das Dores aprovou na noite de ontem, quinta-feira (22), importantes projetos para o desenvolvimento do munic\u00edpio, incluindo investimentos em sinaliza\u00e7\u00e3o, cultura e assist\u00eancia social. Vereadores tamb\u00e9m solicitaram explica\u00e7\u00f5es sobre a contrata\u00e7\u00e3o emergencial do transporte escolar.<\/p>\n\n\n\n<p>Quer saber os detalhes de cada projeto?<\/p>\n\n\n\n<p>Assista a mat\u00e9ria completa e fique por dentro da pol\u00edtica local!<\/p>\n\n\n\n<p><a href=\"https:\/\/www.facebook.com\/hashtag\/s%C3%A3odomingosdasdores?__eep__=6&amp;__cft__[0]=AZXEXqa6maDoBKMRJVYLXe2TRfvbDtBQ3A_25h9_7AU50hZ-y8KQEwYyW3zN67q9njI52ZEOK2Ska6tbiyfJTKDNEEFFk5DkRMz6Y55E8IlvfQfnpAuRRapGCIwTstggxcGqg6Fe30Vv-k2iWSzE1ztSrfax7M9mANw5XxuSA9jGxrMc0_qsUaZmjyOirBVEyLrGQroyGcNt6TmgKRF5CD7c&amp;__tn__=*NK-R\">#S\u00e3oDomingosDasDores<\/a><a href=\"https:\/\/www.facebook.com\/hashtag\/c%C3%A2maramunicipal?__eep__=6&amp;__cft__[0]=AZXEXqa6maDoBKMRJVYLXe2TRfvbDtBQ3A_25h9_7AU50hZ-y8KQEwYyW3zN67q9njI52ZEOK2Ska6tbiyfJTKDNEEFFk5DkRMz6Y55E8IlvfQfnpAuRRapGCIwTstggxcGqg6Fe30Vv-k2iWSzE1ztSrfax7M9mANw5XxuSA9jGxrMc0_qsUaZmjyOirBVEyLrGQroyGcNt6TmgKRF5CD7c&amp;__tn__=*NK-R\">#C\u00e2maraMunicipal<\/a><a href=\"https:\/\/www.facebook.com\/hashtag\/pol%C3%ADticalocal?__eep__=6&amp;__cft__[0]=AZXEXqa6maDoBKMRJVYLXe2TRfvbDtBQ3A_25h9_7AU50hZ-y8KQEwYyW3zN67q9njI52ZEOK2Ska6tbiyfJTKDNEEFFk5DkRMz6Y55E8IlvfQfnpAuRRapGCIwTstggxcGqg6Fe30Vv-k2iWSzE1ztSrfax7M9mANw5XxuSA9jGxrMc0_qsUaZmjyOirBVEyLrGQroyGcNt6TmgKRF5CD7c&amp;__tn__=*NK-R\">#Pol\u00edticaLocal<\/a><a href=\"https:\/\/www.facebook.com\/hashtag\/transporteescolar?__eep__=6&amp;__cft__[0]=AZXEXqa6maDoBKMRJVYLXe2TRfvbDtBQ3A_25h9_7AU50hZ-y8KQEwYyW3zN67q9njI52ZEOK2Ska6tbiyfJTKDNEEFFk5DkRMz6Y55E8IlvfQfnpAuRRapGCIwTstggxcGqg6Fe30Vv-k2iWSzE1ztSrfax7M9mANw5XxuSA9jGxrMc0_qsUaZmjyOirBVEyLrGQroyGcNt6TmgKRF5CD7c&amp;__tn__=*NK-R\">#TransporteEscolar<\/a><a href=\"https:\/\/www.facebook.com\/hashtag\/investimentosp%C3%BAblicos?__eep__=6&amp;__cft__[0]=AZXEXqa6maDoBKMRJVYLXe2TRfvbDtBQ3A_25h9_7AU50hZ-y8KQEwYyW3zN67q9njI52ZEOK2Ska6tbiyfJTKDNEEFFk5DkRMz6Y55E8IlvfQfnpAuRRapGCIwTstggxcGqg6Fe30Vv-k2iWSzE1ztSrfax7M9mANw5XxuSA9jGxrMc0_qsUaZmjyOirBVEyLrGQroyGcNt6TmgKRF5CD7c&amp;__tn__=*NK-R\">#InvestimentosP\u00fablicos<\/a><a href=\"https:\/\/www.facebook.com\/hashtag\/vereadoresema%C3%A7%C3%A3o?__eep__=6&amp;__cft__[0]=AZXEXqa6maDoBKMRJVYLXe2TRfvbDtBQ3A_25h9_7AU50hZ-y8KQEwYyW3zN67q9njI52ZEOK2Ska6tbiyfJTKDNEEFFk5DkRMz6Y55E8IlvfQfnpAuRRapGCIwTstggxcGqg6Fe30Vv-k2iWSzE1ztSrfax7M9mANw5XxuSA9jGxrMc0_qsUaZmjyOirBVEyLrGQroyGcNt6TmgKRF5CD7c&amp;__tn__=*NK-R\">#VereadoresEmA\u00e7\u00e3o<\/a><a href=\"https:\/\/www.facebook.com\/hashtag\/desenvolvimentomunicipal?__eep__=6&amp;__cft__[0]=AZXEXqa6maDoBKMRJVYLXe2TRfvbDtBQ3A_25h9_7AU50hZ-y8KQEwYyW3zN67q9njI52ZEOK2Ska6tbiyfJTKDNEEFFk5DkRMz6Y55E8IlvfQfnpAuRRapGCIwTstggxcGqg6Fe30Vv-k2iWSzE1ztSrfax7M9mANw5XxuSA9jGxrMc0_qsUaZmjyOirBVEyLrGQroyGcNt6TmgKRF5CD7c&amp;__tn__=*NK-R\">#DesenvolvimentoMunicipal<\/a><a href=\"https:\/\/www.facebook.com\/hashtag\/jornalismoregional?__eep__=6&amp;__cft__[0]=AZXEXqa6maDoBKMRJVYLXe2TRfvbDtBQ3A_25h9_7AU50hZ-y8KQEwYyW3zN67q9njI52ZEOK2Ska6tbiyfJTKDNEEFFk5DkRMz6Y55E8IlvfQfnpAuRRapGCIwTstggxcGqg6Fe30Vv-k2iWSzE1ztSrfax7M9mANw5XxuSA9jGxrMc0_qsUaZmjyOirBVEyLrGQroyGcNt6TmgKRF5CD7c&amp;__tn__=*NK-R\">#JornalismoRegional<\/a><a href=\"https:\/\/www.facebook.com\/hashtag\/not%C3%ADciasdolestemineiro?__eep__=6&amp;__cft__[0]=AZXEXqa6maDoBKMRJVYLXe2TRfvbDtBQ3A_25h9_7AU50hZ-y8KQEwYyW3zN67q9njI52ZEOK2Ska6tbiyfJTKDNEEFFk5DkRMz6Y55E8IlvfQfnpAuRRapGCIwTstggxcGqg6Fe30Vv-k2iWSzE1ztSrfax7M9mANw5XxuSA9jGxrMc0_qsUaZmjyOirBVEyLrGQroyGcNt6TmgKRF5CD7c&amp;__tn__=*NK-R\">#Not\u00edciasDoLesteMineiro<\/a><\/p>\n","protected":false},"excerpt":{"rendered":"<p>ASSISTA O V\u00cdDEO A C\u00e2mara de S\u00e3o Domingos das Dores aprovou na noite de ontem, quinta-feira (22), importantes projetos para o desenvolvimento do munic\u00edpio, incluindo investimentos em sinaliza\u00e7\u00e3o, cultura e assist\u00eancia social. Vereadores tamb\u00e9m solicitaram explica\u00e7\u00f5es sobre a contrata\u00e7\u00e3o emergencial do transporte escolar. Quer saber os detalhes de cada projeto? Assista a mat\u00e9ria completa e [&hellip;]<\/p>\n","protected":false},"author":2,"featured_media":5338,"comment_status":"open","ping_status":"open","sticky":false,"template":"","format":"standard","meta":{"footnotes":""},"categories":[1],"tags":[],"class_list":["post-5337","post","type-post","status-publish","format-standard","has-post-thumbnail","hentry","category-uncategorized"],"wpmagazine_modules_lite_featured_media_urls":{"thumbnail":["https:\/\/radioclubedeinhapim.com.br\/wp-content\/uploads\/2025\/05\/NOVO-MODELO-VIDEO-150x150.jpg",150,150,true],"cvmm-medium":["https:\/\/radioclubedeinhapim.com.br\/wp-content\/uploads\/2025\/05\/NOVO-MODELO-VIDEO-300x300.jpg",300,300,true],"cvmm-medium-plus":["https:\/\/radioclubedeinhapim.com.br\/wp-content\/uploads\/2025\/05\/NOVO-MODELO-VIDEO-305x207.jpg",305,207,true],"cvmm-portrait":["https:\/\/radioclubedeinhapim.com.br\/wp-content\/uploads\/2025\/05\/NOVO-MODELO-VIDEO-400x600.jpg",400,600,true],"cvmm-medium-square":["https:\/\/radioclubedeinhapim.com.br\/wp-content\/uploads\/2025\/05\/NOVO-MODELO-VIDEO-600x600.jpg",600,600,true],"cvmm-large":["https:\/\/radioclubedeinhapim.com.br\/wp-content\/uploads\/2025\/05\/NOVO-MODELO-VIDEO-1024x1024.jpg",1024,1024,true],"cvmm-small":["https:\/\/radioclubedeinhapim.com.br\/wp-content\/uploads\/2025\/05\/NOVO-MODELO-VIDEO-130x95.jpg",130,95,true],"full":["https:\/\/radioclubedeinhapim.com.br\/wp-content\/uploads\/2025\/05\/NOVO-MODELO-VIDEO.jpg",1080,1080,false]},"categories_names":{"1":{"name":"Uncategorized","link":"https:\/\/radioclubedeinhapim.com.br\/index.php\/category\/uncategorized\/"}},"tags_names":[],"comments_number":"0","_links":{"self":[{"href":"https:\/\/radioclubedeinhapim.com.br\/index.php\/wp-json\/wp\/v2\/posts\/5337","targetHints":{"allow":["GET"]}}],"collection":[{"href":"https:\/\/radioclubedeinhapim.com.br\/index.php\/wp-json\/wp\/v2\/posts"}],"about":[{"href":"https:\/\/radioclubedeinhapim.com.br\/index.php\/wp-json\/wp\/v2\/types\/post"}],"author":[{"embeddable":true,"href":"https:\/\/radioclubedeinhapim.com.br\/index.php\/wp-json\/wp\/v2\/users\/2"}],"replies":[{"embeddable":true,"href":"https:\/\/radioclubedeinhapim.com.br\/index.php\/wp-json\/wp\/v2\/comments?post=5337"}],"version-history":[{"count":1,"href":"https:\/\/radioclubedeinhapim.com.br\/index.php\/wp-json\/wp\/v2\/posts\/5337\/revisions"}],"predecessor-version":[{"id":5339,"href":"https:\/\/radioclubedeinhapim.com.br\/index.php\/wp-json\/wp\/v2\/posts\/5337\/revisions\/5339"}],"wp:featuredmedia":[{"embeddable":true,"href":"https:\/\/radioclubedeinhapim.com.br\/index.php\/wp-json\/wp\/v2\/media\/5338"}],"wp:attachment":[{"href":"https:\/\/radioclubedeinhapim.com.br\/index.php\/wp-json\/wp\/v2\/media?parent=5337"}],"wp:term":[{"taxonomy":"category","embeddable":true,"href":"https:\/\/radioclubedeinhapim.com.br\/index.php\/wp-json\/wp\/v2\/categories?post=5337"},{"taxonomy":"post_tag","embeddable":true,"href":"https:\/\/radioclubedeinhapim.com.br\/index.php\/wp-json\/wp\/v2\/tags?post=5337"}],"curies":[{"name":"wp","href":"https:\/\/api.w.org\/{rel}","templated":true}]}}