{"id":5350,"date":"2025-05-23T16:41:05","date_gmt":"2025-05-23T19:41:05","guid":{"rendered":"https:\/\/radioclubedeinhapim.com.br\/?p=5350"},"modified":"2025-05-23T16:41:15","modified_gmt":"2025-05-23T19:41:15","slug":"inhapim-homem-e-denunciado-por-estuprode-vulneravel-coacao-ao-aborto-e-violencia-psicologica-contra-menor","status":"publish","type":"post","link":"https:\/\/radioclubedeinhapim.com.br\/index.php\/2025\/05\/23\/inhapim-homem-e-denunciado-por-estuprode-vulneravel-coacao-ao-aborto-e-violencia-psicologica-contra-menor\/","title":{"rendered":"Inhapim: homem \u00e9 denunciado por estuprode vulner\u00e1vel, coa\u00e7\u00e3o ao aborto e viol\u00eancia psicol\u00f3gica contra menor"},"content":{"rendered":"\n<p>O <a><\/a>Minist\u00e9rio P\u00fablico do Estado de Minas Gerais (MPMG), por meio da 2\u00aa Promotoria de Justi\u00e7a da Comarca de Inhapim, ofereceu den\u00fancia contra um homem de 23 anos pelos crimes de estupro de vulner\u00e1vel, persegui\u00e7\u00e3o, viol\u00eancia psicol\u00f3gica contra a mulher, induzimento ao suic\u00eddio e tentativa de aborto. Os crimes teriam sido cometidos ao longo de todo o ano de 2023 contra uma adolescente de 15 anos, no munic\u00edpio de Inhapim.<\/p>\n\n\n\n<p>De acordo com a den\u00fancia apresentada pelo promotor de Justi\u00e7a Jonas Junio Linhares Costa Monteiro, a v\u00edtima foi submetida a diversas formas de viol\u00eancia: abusos sexuais repetidos, persegui\u00e7\u00f5es constantes, amea\u00e7as de morte, coer\u00e7\u00e3o para abortar e instiga\u00e7\u00f5es ao suic\u00eddio. Os abusos teriam resultado em uma gravidez indesejada e em s\u00e9rios preju\u00edzos \u00e0 sa\u00fade mental da adolescente, como crises de p\u00e2nico e quadro depressivo severo, comprovados por laudos m\u00e9dicos e testemunhos colhidos no inqu\u00e9rito policial.<\/p>\n\n\n\n<p>O processo criminal tramita na 1\u00aa Vara C\u00edvel, Criminal e de Execu\u00e7\u00f5es Penais da Comarca de Inhapim. Se condenado por todos os crimes, o r\u00e9u poder\u00e1 cumprir pena superior a 30 anos de pris\u00e3o, em regime fechado, al\u00e9m de ser condenado ao pagamento de indeniza\u00e7\u00e3o m\u00ednima de R$ 100 mil por danos morais \u00e0 v\u00edtima.<\/p>\n\n\n\n<p>O denunciado possui extensa ficha criminal, com 47 registros de ocorr\u00eancia e condena\u00e7\u00e3o definitiva por tr\u00e1fico de drogas.<\/p>\n\n\n\n<p>Segundo o promotor Jonas Junio, a den\u00fancia representa o compromisso do Minist\u00e9rio P\u00fablico em proteger crian\u00e7as e adolescentes e combater a impunidade.<\/p>\n\n\n\n<p>O Minist\u00e9rio P\u00fablico refor\u00e7a que segue atuando de forma firme na defesa dos direitos fundamentais, especialmente de mulheres, crian\u00e7as e adolescentes v\u00edtimas de viol\u00eancia sexual, psicol\u00f3gica e f\u00edsica.<\/p>\n","protected":false},"excerpt":{"rendered":"<p>O Minist\u00e9rio P\u00fablico do Estado de Minas Gerais (MPMG), por meio da 2\u00aa Promotoria de Justi\u00e7a da Comarca de Inhapim, ofereceu den\u00fancia contra um homem de 23 anos pelos crimes de estupro de vulner\u00e1vel, persegui\u00e7\u00e3o, viol\u00eancia psicol\u00f3gica contra a mulher, induzimento ao suic\u00eddio e tentativa de aborto. Os crimes teriam sido cometidos ao longo de [&hellip;]<\/p>\n","protected":false},"author":2,"featured_media":5351,"comment_status":"open","ping_status":"open","sticky":false,"template":"","format":"standard","meta":{"footnotes":""},"categories":[5,1],"tags":[],"class_list":["post-5350","post","type-post","status-publish","format-standard","has-post-thumbnail","hentry","category-noticias","category-uncategorized"],"wpmagazine_modules_lite_featured_media_urls":{"thumbnail":["https:\/\/radioclubedeinhapim.com.br\/wp-content\/uploads\/2025\/05\/01-1-150x150.jpg",150,150,true],"cvmm-medium":["https:\/\/radioclubedeinhapim.com.br\/wp-content\/uploads\/2025\/05\/01-1-300x300.jpg",300,300,true],"cvmm-medium-plus":["https:\/\/radioclubedeinhapim.com.br\/wp-content\/uploads\/2025\/05\/01-1-305x207.jpg",305,207,true],"cvmm-portrait":["https:\/\/radioclubedeinhapim.com.br\/wp-content\/uploads\/2025\/05\/01-1-400x600.jpg",400,600,true],"cvmm-medium-square":["https:\/\/radioclubedeinhapim.com.br\/wp-content\/uploads\/2025\/05\/01-1-600x600.jpg",600,600,true],"cvmm-large":["https:\/\/radioclubedeinhapim.com.br\/wp-content\/uploads\/2025\/05\/01-1.jpg",960,960,false],"cvmm-small":["https:\/\/radioclubedeinhapim.com.br\/wp-content\/uploads\/2025\/05\/01-1-130x95.jpg",130,95,true],"full":["https:\/\/radioclubedeinhapim.com.br\/wp-content\/uploads\/2025\/05\/01-1.jpg",960,960,false]},"categories_names":{"5":{"name":"Not\u00edcias","link":"https:\/\/radioclubedeinhapim.com.br\/index.php\/category\/noticias\/"},"1":{"name":"Uncategorized","link":"https:\/\/radioclubedeinhapim.com.br\/index.php\/category\/uncategorized\/"}},"tags_names":[],"comments_number":"0","_links":{"self":[{"href":"https:\/\/radioclubedeinhapim.com.br\/index.php\/wp-json\/wp\/v2\/posts\/5350","targetHints":{"allow":["GET"]}}],"collection":[{"href":"https:\/\/radioclubedeinhapim.com.br\/index.php\/wp-json\/wp\/v2\/posts"}],"about":[{"href":"https:\/\/radioclubedeinhapim.com.br\/index.php\/wp-json\/wp\/v2\/types\/post"}],"author":[{"embeddable":true,"href":"https:\/\/radioclubedeinhapim.com.br\/index.php\/wp-json\/wp\/v2\/users\/2"}],"replies":[{"embeddable":true,"href":"https:\/\/radioclubedeinhapim.com.br\/index.php\/wp-json\/wp\/v2\/comments?post=5350"}],"version-history":[{"count":1,"href":"https:\/\/radioclubedeinhapim.com.br\/index.php\/wp-json\/wp\/v2\/posts\/5350\/revisions"}],"predecessor-version":[{"id":5352,"href":"https:\/\/radioclubedeinhapim.com.br\/index.php\/wp-json\/wp\/v2\/posts\/5350\/revisions\/5352"}],"wp:featuredmedia":[{"embeddable":true,"href":"https:\/\/radioclubedeinhapim.com.br\/index.php\/wp-json\/wp\/v2\/media\/5351"}],"wp:attachment":[{"href":"https:\/\/radioclubedeinhapim.com.br\/index.php\/wp-json\/wp\/v2\/media?parent=5350"}],"wp:term":[{"taxonomy":"category","embeddable":true,"href":"https:\/\/radioclubedeinhapim.com.br\/index.php\/wp-json\/wp\/v2\/categories?post=5350"},{"taxonomy":"post_tag","embeddable":true,"href":"https:\/\/radioclubedeinhapim.com.br\/index.php\/wp-json\/wp\/v2\/tags?post=5350"}],"curies":[{"name":"wp","href":"https:\/\/api.w.org\/{rel}","templated":true}]}}