{"id":5356,"date":"2025-05-23T16:53:24","date_gmt":"2025-05-23T19:53:24","guid":{"rendered":"https:\/\/radioclubedeinhapim.com.br\/?p=5356"},"modified":"2025-05-23T16:53:24","modified_gmt":"2025-05-23T19:53:24","slug":"sebastiao-salgado-icone-da-fotografia-morre-aos-81-anos","status":"publish","type":"post","link":"https:\/\/radioclubedeinhapim.com.br\/index.php\/2025\/05\/23\/sebastiao-salgado-icone-da-fotografia-morre-aos-81-anos\/","title":{"rendered":"Sebasti\u00e3o Salgado, \u00edcone da fotografia, morre aos 81 anos"},"content":{"rendered":"\n<p>Sebasti\u00e3o Salgado, um dos fot\u00f3grafos mais importantes do mundo, morreu aos 81 anos. A informa\u00e7\u00e3o foi confirmada pelo Instituto Terra, organiza\u00e7\u00e3o n\u00e3o-governamental fundada por ele.<\/p>\n\n\n\n<p>Ele tinha um dist\u00farbio sangu\u00edneo causado por mal\u00e1ria, contra\u00edda na Indon\u00e9sia, e n\u00e3o conseguiu tratar apropriadamente. Por isso, se aposentou do trabalho de campo em 2024, dizendo que seu corpo estava sentindo \u201cos impactos de anos de trabalho em ambientes hostis e desafiadores\u201d.<\/p>\n\n\n\n<p>Com a morte de Sebasti\u00e3o Salgado, de 81 anos, nesta sexta-feira (23), o Brasil n\u00e3o perde somente um dos maiores fot\u00f3grafos do pa\u00eds, mas uma figura importante para a preserva\u00e7\u00e3o do meio ambiente e da Mata Atl\u00e2ntica.<\/p>\n\n\n\n<p>Em 1998, ele e sua esposa L\u00e9lia Wanick tomaram a decis\u00e3o de reflorestar a Fazenda Bulc\u00e3o, em Aimor\u00e9s, Minas Gerais, que j\u00e1 era propriedade da sua fam\u00edlia h\u00e1 mais de uma gera\u00e7\u00e3o. Com isso, houve a recupera\u00e7\u00e3o da biodiversidade local, aliada a um desenvolvimento rural sustent\u00e1vel \u00e0s margens da Bacia do Rio Doce.<\/p>\n\n\n\n<figure class=\"wp-block-image size-large is-resized\"><img fetchpriority=\"high\" decoding=\"async\" width=\"1024\" height=\"1024\" src=\"https:\/\/radioclubedeinhapim.com.br\/wp-content\/uploads\/2025\/05\/esp-1024x1024.jpg\" alt=\"\" class=\"wp-image-5358\" style=\"width:471px;height:auto\" srcset=\"https:\/\/radioclubedeinhapim.com.br\/wp-content\/uploads\/2025\/05\/esp-1024x1024.jpg 1024w, https:\/\/radioclubedeinhapim.com.br\/wp-content\/uploads\/2025\/05\/esp-300x300.jpg 300w, https:\/\/radioclubedeinhapim.com.br\/wp-content\/uploads\/2025\/05\/esp-150x150.jpg 150w, https:\/\/radioclubedeinhapim.com.br\/wp-content\/uploads\/2025\/05\/esp-768x768.jpg 768w, https:\/\/radioclubedeinhapim.com.br\/wp-content\/uploads\/2025\/05\/esp-600x600.jpg 600w, https:\/\/radioclubedeinhapim.com.br\/wp-content\/uploads\/2025\/05\/esp.jpg 1080w\" sizes=\"(max-width: 1024px) 100vw, 1024px\" \/><\/figure>\n\n\n\n<p>A iniciativa resultou no plantio de aproximadamente 2,7 milh\u00f5es de \u00e1rvores, restaurando em m\u00e9dia de 600 hectares de floresta. A \u00e1rea, antes des\u00e9rtica, voltou a abrigar centenas de esp\u00e9cies de fauna e flora nativas, muitas delas amea\u00e7adas de extin\u00e7\u00e3o e foi o ponta p\u00e9 inicial para a cria\u00e7\u00e3o do Instituto Terra, ONG fundada pelo casal.<\/p>\n\n\n\n<p>No perfil oficial no Instagram, a organiza\u00e7\u00e3o fez uma postagem sobre a morte do fot\u00f3grafo.<\/p>\n\n\n\n<p>&#8220;Sebasti\u00e3o foi muito mais do que um dos maiores fot\u00f3grafos de nosso tempo. Ao lado de sua companheira de vida, L\u00e9lia Deluiz Wanick Salgado, semeou esperan\u00e7a onde havia devasta\u00e7\u00e3o e fez florescer a ideia de que a restaura\u00e7\u00e3o ambiental \u00e9 tamb\u00e9m um gesto profundo de amor pela humanidade. Sua lente revelou o mundo e suas contradi\u00e7\u00f5es; sua vida, o poder da a\u00e7\u00e3o transformadora&#8221;.<\/p>\n\n\n\n<figure class=\"wp-block-image size-large is-resized\"><img decoding=\"async\" width=\"1024\" height=\"1024\" src=\"https:\/\/radioclubedeinhapim.com.br\/wp-content\/uploads\/2025\/05\/terr-1024x1024.jpg\" alt=\"\" class=\"wp-image-5359\" style=\"width:595px;height:auto\" srcset=\"https:\/\/radioclubedeinhapim.com.br\/wp-content\/uploads\/2025\/05\/terr-1024x1024.jpg 1024w, https:\/\/radioclubedeinhapim.com.br\/wp-content\/uploads\/2025\/05\/terr-300x300.jpg 300w, https:\/\/radioclubedeinhapim.com.br\/wp-content\/uploads\/2025\/05\/terr-150x150.jpg 150w, https:\/\/radioclubedeinhapim.com.br\/wp-content\/uploads\/2025\/05\/terr-768x768.jpg 768w, https:\/\/radioclubedeinhapim.com.br\/wp-content\/uploads\/2025\/05\/terr-600x600.jpg 600w, https:\/\/radioclubedeinhapim.com.br\/wp-content\/uploads\/2025\/05\/terr.jpg 1080w\" sizes=\"(max-width: 1024px) 100vw, 1024px\" \/><\/figure>\n\n\n\n<p>Informa\u00e7\u00f5es: G1<\/p>\n","protected":false},"excerpt":{"rendered":"<p>Sebasti\u00e3o Salgado, um dos fot\u00f3grafos mais importantes do mundo, morreu aos 81 anos. A informa\u00e7\u00e3o foi confirmada pelo Instituto Terra, organiza\u00e7\u00e3o n\u00e3o-governamental fundada por ele. Ele tinha um dist\u00farbio sangu\u00edneo causado por mal\u00e1ria, contra\u00edda na Indon\u00e9sia, e n\u00e3o conseguiu tratar apropriadamente. Por isso, se aposentou do trabalho de campo em 2024, dizendo que seu corpo [&hellip;]<\/p>\n","protected":false},"author":2,"featured_media":5357,"comment_status":"open","ping_status":"open","sticky":false,"template":"","format":"standard","meta":{"footnotes":""},"categories":[1],"tags":[],"class_list":["post-5356","post","type-post","status-publish","format-standard","has-post-thumbnail","hentry","category-uncategorized"],"wpmagazine_modules_lite_featured_media_urls":{"thumbnail":["https:\/\/radioclubedeinhapim.com.br\/wp-content\/uploads\/2025\/05\/05-150x150.jpg",150,150,true],"cvmm-medium":["https:\/\/radioclubedeinhapim.com.br\/wp-content\/uploads\/2025\/05\/05-300x300.jpg",300,300,true],"cvmm-medium-plus":["https:\/\/radioclubedeinhapim.com.br\/wp-content\/uploads\/2025\/05\/05-305x207.jpg",305,207,true],"cvmm-portrait":["https:\/\/radioclubedeinhapim.com.br\/wp-content\/uploads\/2025\/05\/05-400x600.jpg",400,600,true],"cvmm-medium-square":["https:\/\/radioclubedeinhapim.com.br\/wp-content\/uploads\/2025\/05\/05-600x600.jpg",600,600,true],"cvmm-large":["https:\/\/radioclubedeinhapim.com.br\/wp-content\/uploads\/2025\/05\/05-1024x1024.jpg",1024,1024,true],"cvmm-small":["https:\/\/radioclubedeinhapim.com.br\/wp-content\/uploads\/2025\/05\/05-130x95.jpg",130,95,true],"full":["https:\/\/radioclubedeinhapim.com.br\/wp-content\/uploads\/2025\/05\/05.jpg",1080,1080,false]},"categories_names":{"1":{"name":"Uncategorized","link":"https:\/\/radioclubedeinhapim.com.br\/index.php\/category\/uncategorized\/"}},"tags_names":[],"comments_number":"0","_links":{"self":[{"href":"https:\/\/radioclubedeinhapim.com.br\/index.php\/wp-json\/wp\/v2\/posts\/5356","targetHints":{"allow":["GET"]}}],"collection":[{"href":"https:\/\/radioclubedeinhapim.com.br\/index.php\/wp-json\/wp\/v2\/posts"}],"about":[{"href":"https:\/\/radioclubedeinhapim.com.br\/index.php\/wp-json\/wp\/v2\/types\/post"}],"author":[{"embeddable":true,"href":"https:\/\/radioclubedeinhapim.com.br\/index.php\/wp-json\/wp\/v2\/users\/2"}],"replies":[{"embeddable":true,"href":"https:\/\/radioclubedeinhapim.com.br\/index.php\/wp-json\/wp\/v2\/comments?post=5356"}],"version-history":[{"count":1,"href":"https:\/\/radioclubedeinhapim.com.br\/index.php\/wp-json\/wp\/v2\/posts\/5356\/revisions"}],"predecessor-version":[{"id":5360,"href":"https:\/\/radioclubedeinhapim.com.br\/index.php\/wp-json\/wp\/v2\/posts\/5356\/revisions\/5360"}],"wp:featuredmedia":[{"embeddable":true,"href":"https:\/\/radioclubedeinhapim.com.br\/index.php\/wp-json\/wp\/v2\/media\/5357"}],"wp:attachment":[{"href":"https:\/\/radioclubedeinhapim.com.br\/index.php\/wp-json\/wp\/v2\/media?parent=5356"}],"wp:term":[{"taxonomy":"category","embeddable":true,"href":"https:\/\/radioclubedeinhapim.com.br\/index.php\/wp-json\/wp\/v2\/categories?post=5356"},{"taxonomy":"post_tag","embeddable":true,"href":"https:\/\/radioclubedeinhapim.com.br\/index.php\/wp-json\/wp\/v2\/tags?post=5356"}],"curies":[{"name":"wp","href":"https:\/\/api.w.org\/{rel}","templated":true}]}}