{"id":5389,"date":"2025-05-27T15:40:49","date_gmt":"2025-05-27T18:40:49","guid":{"rendered":"https:\/\/radioclubedeinhapim.com.br\/?p=5389"},"modified":"2025-05-27T15:40:49","modified_gmt":"2025-05-27T18:40:49","slug":"advogado-e-condenado-por-apropriacao-indebita-em-inhapim-apos-reter-valor-de-cliente","status":"publish","type":"post","link":"https:\/\/radioclubedeinhapim.com.br\/index.php\/2025\/05\/27\/advogado-e-condenado-por-apropriacao-indebita-em-inhapim-apos-reter-valor-de-cliente\/","title":{"rendered":"Advogado \u00e9 condenado por apropria\u00e7\u00e3o ind\u00e9bita em Inhapim ap\u00f3s reter valor de cliente"},"content":{"rendered":"\n<p>O <a><\/a>Minist\u00e9rio P\u00fablico de Minas Gerais, por meio da 2\u00aa Promotoria de Justi\u00e7a de Inhapim\/MG, representado pelo Promotor de Justi\u00e7a Jonas Junio Linhares Costa Monteiro, divulgou nesta semana a senten\u00e7a proferida pela Justi\u00e7a Estadual de Minas Gerais contra um advogado de 45 anos, condenado pelo crime de apropria\u00e7\u00e3o ind\u00e9bita.<\/p>\n\n\n\n<p>A decis\u00e3o foi emitida pela 1\u00aa Vara C\u00edvel, Criminal e de Execu\u00e7\u00f5es Penais da Comarca de Inhapim\/MG e se refere \u00e0 a\u00e7\u00e3o penal movida pelo Minist\u00e9rio P\u00fablico ap\u00f3s apura\u00e7\u00e3o de que o r\u00e9u, atuando como advogado da v\u00edtima, apropriou-se indevidamente da quantia de R\\$7.700,00 (sete mil e setecentos reais).<\/p>\n\n\n\n<p>O valor havia sido liberado por meio de alvar\u00e1 judicial em um processo c\u00edvel, mas n\u00e3o foi repassado \u00e0 cliente, configurando o delito previsto no artigo 168, \u00a71\u00ba, inciso III, do C\u00f3digo Penal.<\/p>\n\n\n\n<p>A senten\u00e7a condenou o advogado \u00e0 pena de 1 ano e 4 meses de reclus\u00e3o, al\u00e9m de 13 dias-multa. O r\u00e9u tamb\u00e9m dever\u00e1 arcar com as custas processuais.<\/p>\n\n\n\n<p>A pena privativa de liberdade foi fixada em regime inicial aberto, nos termos da legisla\u00e7\u00e3o vigente, sendo poss\u00edvel eventual substitui\u00e7\u00e3o por penas restritivas de direitos, conforme crit\u00e9rios legais.<\/p>\n\n\n\n<p>O Promotor de Justi\u00e7a Jonas Junio Linhares Costa Monteiro ressaltou que a decis\u00e3o representa um avan\u00e7o significativo no combate a pr\u00e1ticas que minam a confian\u00e7a p\u00fablica nos servi\u00e7os jur\u00eddicos.<\/p>\n\n\n\n<p>A condena\u00e7\u00e3o refor\u00e7a a atua\u00e7\u00e3o firme do Minist\u00e9rio P\u00fablico em defesa da ordem jur\u00eddica e dos princ\u00edpios que norteiam o exerc\u00edcio \u00e9tico das profiss\u00f5es, especialmente quando envolvem a confian\u00e7a de clientes em seus representantes legais.<\/p>\n","protected":false},"excerpt":{"rendered":"<p>O Minist\u00e9rio P\u00fablico de Minas Gerais, por meio da 2\u00aa Promotoria de Justi\u00e7a de Inhapim\/MG, representado pelo Promotor de Justi\u00e7a Jonas Junio Linhares Costa Monteiro, divulgou nesta semana a senten\u00e7a proferida pela Justi\u00e7a Estadual de Minas Gerais contra um advogado de 45 anos, condenado pelo crime de apropria\u00e7\u00e3o ind\u00e9bita. A decis\u00e3o foi emitida pela 1\u00aa [&hellip;]<\/p>\n","protected":false},"author":2,"featured_media":5390,"comment_status":"open","ping_status":"open","sticky":false,"template":"","format":"standard","meta":{"footnotes":""},"categories":[5],"tags":[],"class_list":["post-5389","post","type-post","status-publish","format-standard","has-post-thumbnail","hentry","category-noticias"],"wpmagazine_modules_lite_featured_media_urls":{"thumbnail":["https:\/\/radioclubedeinhapim.com.br\/wp-content\/uploads\/2025\/05\/500059160_1538067453858956_7635475182569924336_n-150x150.jpg",150,150,true],"cvmm-medium":["https:\/\/radioclubedeinhapim.com.br\/wp-content\/uploads\/2025\/05\/500059160_1538067453858956_7635475182569924336_n-300x300.jpg",300,300,true],"cvmm-medium-plus":["https:\/\/radioclubedeinhapim.com.br\/wp-content\/uploads\/2025\/05\/500059160_1538067453858956_7635475182569924336_n-305x207.jpg",305,207,true],"cvmm-portrait":["https:\/\/radioclubedeinhapim.com.br\/wp-content\/uploads\/2025\/05\/500059160_1538067453858956_7635475182569924336_n-400x600.jpg",400,600,true],"cvmm-medium-square":["https:\/\/radioclubedeinhapim.com.br\/wp-content\/uploads\/2025\/05\/500059160_1538067453858956_7635475182569924336_n-600x600.jpg",600,600,true],"cvmm-large":["https:\/\/radioclubedeinhapim.com.br\/wp-content\/uploads\/2025\/05\/500059160_1538067453858956_7635475182569924336_n.jpg",960,960,false],"cvmm-small":["https:\/\/radioclubedeinhapim.com.br\/wp-content\/uploads\/2025\/05\/500059160_1538067453858956_7635475182569924336_n-130x95.jpg",130,95,true],"full":["https:\/\/radioclubedeinhapim.com.br\/wp-content\/uploads\/2025\/05\/500059160_1538067453858956_7635475182569924336_n.jpg",960,960,false]},"categories_names":{"5":{"name":"Not\u00edcias","link":"https:\/\/radioclubedeinhapim.com.br\/index.php\/category\/noticias\/"}},"tags_names":[],"comments_number":"0","_links":{"self":[{"href":"https:\/\/radioclubedeinhapim.com.br\/index.php\/wp-json\/wp\/v2\/posts\/5389","targetHints":{"allow":["GET"]}}],"collection":[{"href":"https:\/\/radioclubedeinhapim.com.br\/index.php\/wp-json\/wp\/v2\/posts"}],"about":[{"href":"https:\/\/radioclubedeinhapim.com.br\/index.php\/wp-json\/wp\/v2\/types\/post"}],"author":[{"embeddable":true,"href":"https:\/\/radioclubedeinhapim.com.br\/index.php\/wp-json\/wp\/v2\/users\/2"}],"replies":[{"embeddable":true,"href":"https:\/\/radioclubedeinhapim.com.br\/index.php\/wp-json\/wp\/v2\/comments?post=5389"}],"version-history":[{"count":1,"href":"https:\/\/radioclubedeinhapim.com.br\/index.php\/wp-json\/wp\/v2\/posts\/5389\/revisions"}],"predecessor-version":[{"id":5391,"href":"https:\/\/radioclubedeinhapim.com.br\/index.php\/wp-json\/wp\/v2\/posts\/5389\/revisions\/5391"}],"wp:featuredmedia":[{"embeddable":true,"href":"https:\/\/radioclubedeinhapim.com.br\/index.php\/wp-json\/wp\/v2\/media\/5390"}],"wp:attachment":[{"href":"https:\/\/radioclubedeinhapim.com.br\/index.php\/wp-json\/wp\/v2\/media?parent=5389"}],"wp:term":[{"taxonomy":"category","embeddable":true,"href":"https:\/\/radioclubedeinhapim.com.br\/index.php\/wp-json\/wp\/v2\/categories?post=5389"},{"taxonomy":"post_tag","embeddable":true,"href":"https:\/\/radioclubedeinhapim.com.br\/index.php\/wp-json\/wp\/v2\/tags?post=5389"}],"curies":[{"name":"wp","href":"https:\/\/api.w.org\/{rel}","templated":true}]}}