{"id":5428,"date":"2025-05-29T08:48:28","date_gmt":"2025-05-29T11:48:28","guid":{"rendered":"https:\/\/radioclubedeinhapim.com.br\/?p=5428"},"modified":"2025-05-29T08:48:28","modified_gmt":"2025-05-29T11:48:28","slug":"operacao-vendetta-envolvidos-em-homicidio-sao-presos-durante-acao-policial-em-minas-gerais-e-no-espirito-santo","status":"publish","type":"post","link":"https:\/\/radioclubedeinhapim.com.br\/index.php\/2025\/05\/29\/operacao-vendetta-envolvidos-em-homicidio-sao-presos-durante-acao-policial-em-minas-gerais-e-no-espirito-santo\/","title":{"rendered":"OPERA\u00c7\u00c3O VENDETTA: Envolvidos em homic\u00eddio s\u00e3o presos durante a\u00e7\u00e3o policial em Minas Gerais e no Esp\u00edrito Santo"},"content":{"rendered":"\n<p>Na madrugada desta quinta-feira (29), foi deflagrada uma opera\u00e7\u00e3o conjunta da Pol\u00edcia Civil de Minas Gerais, por meio da Delegacia de Homic\u00eddios da 2\u00aa Delegacia Regional de Caratinga, e do GAECO Regional de Ipatinga. A a\u00e7\u00e3o visou cumprir mandados cautelares expedidos pela Justi\u00e7a da Comarca de Caratinga contra investigados por homic\u00eddio, porte ilegal de arma de fogo e adultera\u00e7\u00e3o de sinal identificador de ve\u00edculo, crimes ocorridos em 24 de mar\u00e7o de 2025, na BR-458, em Caratinga, pr\u00f3ximo a Ipatinga e Santana do Para\u00edso.<\/p>\n\n\n\n<p>No Vale do A\u00e7o, tr\u00eas mandados de busca e apreens\u00e3o foram cumpridos nas cidades de Ipatinga e Santana do Para\u00edso. Um dos alvos, de 57 anos, com passagens por tr\u00e1fico e porte ilegal de arma de uso restrito, est\u00e1 foragido. Os outros dois, de 35 e 36 anos, tamb\u00e9m egressos do sistema prisional, possuem antecedentes por tr\u00e1fico, associa\u00e7\u00e3o criminosa, porte ilegal de arma, roubo e homic\u00eddio.<\/p>\n\n\n\n<p>Durante as buscas, foram apreendidas duas pistolas, calibres 9mm e .40, na casa de um dos suspeitos. A opera\u00e7\u00e3o contou ainda com apoio da Pol\u00edcia Civil do Esp\u00edrito Santo, por meio da Delegacia de Defrauda\u00e7\u00f5es e Falsifica\u00e7\u00f5es (DEFA), que cumpriu mandado de pris\u00e3o e busca no munic\u00edpio de Serra\/ES. Um investigado de 33 anos, foragido com mandado de recaptura, foi preso.<\/p>\n\n\n\n<p>Segundo o delegado Dr. S\u00e1vio Moraes, respons\u00e1vel pela investiga\u00e7\u00e3o, o GAECO de Ipatinga reuniu elementos robustos sobre autoria e execu\u00e7\u00e3o. J\u00e1 o delegado Dr. Fernando Lima afirmou que o crime foi premeditado e praticado em concurso de agentes.<\/p>\n\n\n\n<p>A opera\u00e7\u00e3o foi batizada como \u201cVendetta\u201d, pois a motiva\u00e7\u00e3o estaria ligada \u00e0 disputa pelo tr\u00e1fico e \u00e0 retalia\u00e7\u00e3o pela morte do irm\u00e3o de um dos suspeitos, ocorrida em 2011 em Coronel Fabriciano.<\/p>\n\n\n\n<p>A v\u00edtima, de 30 anos, foi assassinada com v\u00e1rios disparos enquanto trafegava de moto na BR-458. C\u00e1psulas de muni\u00e7\u00e3o 9mm foram encontradas no local. A conclus\u00e3o do inqu\u00e9rito deve ocorrer nos pr\u00f3ximos dias.<\/p>\n","protected":false},"excerpt":{"rendered":"<p>Na madrugada desta quinta-feira (29), foi deflagrada uma opera\u00e7\u00e3o conjunta da Pol\u00edcia Civil de Minas Gerais, por meio da Delegacia de Homic\u00eddios da 2\u00aa Delegacia Regional de Caratinga, e do GAECO Regional de Ipatinga. A a\u00e7\u00e3o visou cumprir mandados cautelares expedidos pela Justi\u00e7a da Comarca de Caratinga contra investigados por homic\u00eddio, porte ilegal de arma [&hellip;]<\/p>\n","protected":false},"author":2,"featured_media":5429,"comment_status":"open","ping_status":"open","sticky":false,"template":"","format":"standard","meta":{"footnotes":""},"categories":[5],"tags":[],"class_list":["post-5428","post","type-post","status-publish","format-standard","has-post-thumbnail","hentry","category-noticias"],"wpmagazine_modules_lite_featured_media_urls":{"thumbnail":["https:\/\/radioclubedeinhapim.com.br\/wp-content\/uploads\/2025\/05\/Copia-de-Inserir-um-subtitulo-2025-05-29T085002.352-150x150.jpg",150,150,true],"cvmm-medium":["https:\/\/radioclubedeinhapim.com.br\/wp-content\/uploads\/2025\/05\/Copia-de-Inserir-um-subtitulo-2025-05-29T085002.352-300x300.jpg",300,300,true],"cvmm-medium-plus":["https:\/\/radioclubedeinhapim.com.br\/wp-content\/uploads\/2025\/05\/Copia-de-Inserir-um-subtitulo-2025-05-29T085002.352-305x207.jpg",305,207,true],"cvmm-portrait":["https:\/\/radioclubedeinhapim.com.br\/wp-content\/uploads\/2025\/05\/Copia-de-Inserir-um-subtitulo-2025-05-29T085002.352-400x600.jpg",400,600,true],"cvmm-medium-square":["https:\/\/radioclubedeinhapim.com.br\/wp-content\/uploads\/2025\/05\/Copia-de-Inserir-um-subtitulo-2025-05-29T085002.352-600x600.jpg",600,600,true],"cvmm-large":["https:\/\/radioclubedeinhapim.com.br\/wp-content\/uploads\/2025\/05\/Copia-de-Inserir-um-subtitulo-2025-05-29T085002.352-1024x1024.jpg",1024,1024,true],"cvmm-small":["https:\/\/radioclubedeinhapim.com.br\/wp-content\/uploads\/2025\/05\/Copia-de-Inserir-um-subtitulo-2025-05-29T085002.352-130x95.jpg",130,95,true],"full":["https:\/\/radioclubedeinhapim.com.br\/wp-content\/uploads\/2025\/05\/Copia-de-Inserir-um-subtitulo-2025-05-29T085002.352.jpg",1080,1080,false]},"categories_names":{"5":{"name":"Not\u00edcias","link":"https:\/\/radioclubedeinhapim.com.br\/index.php\/category\/noticias\/"}},"tags_names":[],"comments_number":"0","_links":{"self":[{"href":"https:\/\/radioclubedeinhapim.com.br\/index.php\/wp-json\/wp\/v2\/posts\/5428","targetHints":{"allow":["GET"]}}],"collection":[{"href":"https:\/\/radioclubedeinhapim.com.br\/index.php\/wp-json\/wp\/v2\/posts"}],"about":[{"href":"https:\/\/radioclubedeinhapim.com.br\/index.php\/wp-json\/wp\/v2\/types\/post"}],"author":[{"embeddable":true,"href":"https:\/\/radioclubedeinhapim.com.br\/index.php\/wp-json\/wp\/v2\/users\/2"}],"replies":[{"embeddable":true,"href":"https:\/\/radioclubedeinhapim.com.br\/index.php\/wp-json\/wp\/v2\/comments?post=5428"}],"version-history":[{"count":1,"href":"https:\/\/radioclubedeinhapim.com.br\/index.php\/wp-json\/wp\/v2\/posts\/5428\/revisions"}],"predecessor-version":[{"id":5430,"href":"https:\/\/radioclubedeinhapim.com.br\/index.php\/wp-json\/wp\/v2\/posts\/5428\/revisions\/5430"}],"wp:featuredmedia":[{"embeddable":true,"href":"https:\/\/radioclubedeinhapim.com.br\/index.php\/wp-json\/wp\/v2\/media\/5429"}],"wp:attachment":[{"href":"https:\/\/radioclubedeinhapim.com.br\/index.php\/wp-json\/wp\/v2\/media?parent=5428"}],"wp:term":[{"taxonomy":"category","embeddable":true,"href":"https:\/\/radioclubedeinhapim.com.br\/index.php\/wp-json\/wp\/v2\/categories?post=5428"},{"taxonomy":"post_tag","embeddable":true,"href":"https:\/\/radioclubedeinhapim.com.br\/index.php\/wp-json\/wp\/v2\/tags?post=5428"}],"curies":[{"name":"wp","href":"https:\/\/api.w.org\/{rel}","templated":true}]}}