{"id":5435,"date":"2025-05-29T11:56:23","date_gmt":"2025-05-29T14:56:23","guid":{"rendered":"https:\/\/radioclubedeinhapim.com.br\/?p=5435"},"modified":"2025-05-29T11:56:23","modified_gmt":"2025-05-29T14:56:23","slug":"mulher-morre-em-acidente-entre-carro-e-carreta-na-br-116-em-itambacuri","status":"publish","type":"post","link":"https:\/\/radioclubedeinhapim.com.br\/index.php\/2025\/05\/29\/mulher-morre-em-acidente-entre-carro-e-carreta-na-br-116-em-itambacuri\/","title":{"rendered":"Mulher morre em acidente entre carro e carreta na BR-116, em Itambacuri"},"content":{"rendered":"\n<p><a><\/a>Uma mulher, de 40 anos, morreu em um acidente entre um carro de passeio e uma carreta na manh\u00e3 desta quarta-feira (28), em um trecho da BR-116, pr\u00f3ximo ao munic\u00edpio de Itambacuri. A v\u00edtima, segundo as informa\u00e7\u00f5es iniciais, era natural de Betim.<\/p>\n\n\n\n<p>De acordo com o Corpo de Bombeiros, a colis\u00e3o ocorreu em um trecho de subida, quando a carreta, que seguia do Paran\u00e1 com destino a Rond\u00f4nia, subia a rodovia. O carro onde estava a v\u00edtima descia no sentido contr\u00e1rio. Com o impacto, o ve\u00edculo de passeio ficou bastante danificado e a mulher ficou presa \u00e0s ferragens.<\/p>\n\n\n\n<p>Quando a equipe de resgate chegou ao local com o caminh\u00e3o de salvamento, a v\u00edtima j\u00e1 havia sido retirada do carro pela equipe do Servi\u00e7o de Atendimento M\u00f3vel de Urg\u00eancia (Samu). Ainda conforme os bombeiros, ela estava em parada cardiorrespirat\u00f3ria e morreu no local.<\/p>\n\n\n\n<p>A Pol\u00edcia Rodovi\u00e1ria Federal (PRF) tamb\u00e9m foi acionada e assumiu o registro da ocorr\u00eancia. A pista n\u00e3o precisou ser totalmente interditada durante o atendimento inicial, j\u00e1 que o carro estava no acostamento e o Samu conseguiu acessar a v\u00edtima sem bloqueios. No entanto, segundo os bombeiros, foi necess\u00e1ria uma interrup\u00e7\u00e3o tempor\u00e1ria para a retirada dos ve\u00edculos e limpeza da pista, devido ao vazamento de \u00f3leo.<\/p>\n\n\n\n<p>Os militares tamb\u00e9m realizaram a desconex\u00e3o da bateria do carro para evitar risco de inc\u00eandio e permaneceram no local para preven\u00e7\u00e3o de novos acidentes at\u00e9 a retirada completa dos ve\u00edculos.<\/p>\n\n\n\n<p>O motorista da carreta n\u00e3o ficou ferido. Ele relatou que seguia viagem em um bitrem carregado, mas a carga n\u00e3o foi afetada, pois o impacto se concentrou na parte dianteira do cavalo mec\u00e2nico.<\/p>\n\n\n\n<p>A identidade da v\u00edtima foi verificada inicialmente por meio da carteira de motorista, e a confirma\u00e7\u00e3o oficial dever\u00e1 ser feita pela PRF.<\/p>\n","protected":false},"excerpt":{"rendered":"<p>Uma mulher, de 40 anos, morreu em um acidente entre um carro de passeio e uma carreta na manh\u00e3 desta quarta-feira (28), em um trecho da BR-116, pr\u00f3ximo ao munic\u00edpio de Itambacuri. A v\u00edtima, segundo as informa\u00e7\u00f5es iniciais, era natural de Betim. De acordo com o Corpo de Bombeiros, a colis\u00e3o ocorreu em um trecho [&hellip;]<\/p>\n","protected":false},"author":2,"featured_media":5436,"comment_status":"open","ping_status":"open","sticky":false,"template":"","format":"standard","meta":{"footnotes":""},"categories":[5],"tags":[],"class_list":["post-5435","post","type-post","status-publish","format-standard","has-post-thumbnail","hentry","category-noticias"],"wpmagazine_modules_lite_featured_media_urls":{"thumbnail":["https:\/\/radioclubedeinhapim.com.br\/wp-content\/uploads\/2025\/05\/502543226_1539496040382764_3008562258025873695_n-150x150.jpg",150,150,true],"cvmm-medium":["https:\/\/radioclubedeinhapim.com.br\/wp-content\/uploads\/2025\/05\/502543226_1539496040382764_3008562258025873695_n-300x300.jpg",300,300,true],"cvmm-medium-plus":["https:\/\/radioclubedeinhapim.com.br\/wp-content\/uploads\/2025\/05\/502543226_1539496040382764_3008562258025873695_n-305x207.jpg",305,207,true],"cvmm-portrait":["https:\/\/radioclubedeinhapim.com.br\/wp-content\/uploads\/2025\/05\/502543226_1539496040382764_3008562258025873695_n-400x600.jpg",400,600,true],"cvmm-medium-square":["https:\/\/radioclubedeinhapim.com.br\/wp-content\/uploads\/2025\/05\/502543226_1539496040382764_3008562258025873695_n-600x600.jpg",600,600,true],"cvmm-large":["https:\/\/radioclubedeinhapim.com.br\/wp-content\/uploads\/2025\/05\/502543226_1539496040382764_3008562258025873695_n-1024x1024.jpg",1024,1024,true],"cvmm-small":["https:\/\/radioclubedeinhapim.com.br\/wp-content\/uploads\/2025\/05\/502543226_1539496040382764_3008562258025873695_n-130x95.jpg",130,95,true],"full":["https:\/\/radioclubedeinhapim.com.br\/wp-content\/uploads\/2025\/05\/502543226_1539496040382764_3008562258025873695_n.jpg",1080,1080,false]},"categories_names":{"5":{"name":"Not\u00edcias","link":"https:\/\/radioclubedeinhapim.com.br\/index.php\/category\/noticias\/"}},"tags_names":[],"comments_number":"0","_links":{"self":[{"href":"https:\/\/radioclubedeinhapim.com.br\/index.php\/wp-json\/wp\/v2\/posts\/5435","targetHints":{"allow":["GET"]}}],"collection":[{"href":"https:\/\/radioclubedeinhapim.com.br\/index.php\/wp-json\/wp\/v2\/posts"}],"about":[{"href":"https:\/\/radioclubedeinhapim.com.br\/index.php\/wp-json\/wp\/v2\/types\/post"}],"author":[{"embeddable":true,"href":"https:\/\/radioclubedeinhapim.com.br\/index.php\/wp-json\/wp\/v2\/users\/2"}],"replies":[{"embeddable":true,"href":"https:\/\/radioclubedeinhapim.com.br\/index.php\/wp-json\/wp\/v2\/comments?post=5435"}],"version-history":[{"count":1,"href":"https:\/\/radioclubedeinhapim.com.br\/index.php\/wp-json\/wp\/v2\/posts\/5435\/revisions"}],"predecessor-version":[{"id":5437,"href":"https:\/\/radioclubedeinhapim.com.br\/index.php\/wp-json\/wp\/v2\/posts\/5435\/revisions\/5437"}],"wp:featuredmedia":[{"embeddable":true,"href":"https:\/\/radioclubedeinhapim.com.br\/index.php\/wp-json\/wp\/v2\/media\/5436"}],"wp:attachment":[{"href":"https:\/\/radioclubedeinhapim.com.br\/index.php\/wp-json\/wp\/v2\/media?parent=5435"}],"wp:term":[{"taxonomy":"category","embeddable":true,"href":"https:\/\/radioclubedeinhapim.com.br\/index.php\/wp-json\/wp\/v2\/categories?post=5435"},{"taxonomy":"post_tag","embeddable":true,"href":"https:\/\/radioclubedeinhapim.com.br\/index.php\/wp-json\/wp\/v2\/tags?post=5435"}],"curies":[{"name":"wp","href":"https:\/\/api.w.org\/{rel}","templated":true}]}}