{"id":5476,"date":"2025-06-02T11:53:16","date_gmt":"2025-06-02T14:53:16","guid":{"rendered":"https:\/\/radioclubedeinhapim.com.br\/?p=5476"},"modified":"2025-06-02T11:53:16","modified_gmt":"2025-06-02T14:53:16","slug":"aluno-de-13-anos-morre-em-acidente-com-onibus-escolar-da-prefeitura-de-itaobim","status":"publish","type":"post","link":"https:\/\/radioclubedeinhapim.com.br\/index.php\/2025\/06\/02\/aluno-de-13-anos-morre-em-acidente-com-onibus-escolar-da-prefeitura-de-itaobim\/","title":{"rendered":"Aluno de 13 anos morre em acidente com \u00f4nibus escolar da Prefeitura de Itaobim"},"content":{"rendered":"\n<p><a><\/a>Um acidente com um \u00f4nibus escolar da Prefeitura deixou um estudante, de 13 anos, morto em Itaobim, no Vale do Jequitinhonha, nessa sexta-feira (30).<\/p>\n\n\n\n<p>Quando a Pol\u00edcia Militar chegou, se deparou com o ve\u00edculo da Prefeitura tombado na regi\u00e3o de C\u00f3rrego Novo e uma equipe do Samu no local. O m\u00e9dico confirmou a morte do menor.<\/p>\n\n\n\n<p>O motorista contou para a PM que transportava alunos da zona rural para a escola municipal de S\u00e3o Jo\u00e3o, quando o ve\u00edculo come\u00e7ou a derrapar em um trecho de descida que estava molhado por conta da chuva. O condutor falou que tentou frear, mas n\u00e3o conseguiu. Ao tentar parar usando um barranco, o \u00f4nibus acabou tombando.<\/p>\n\n\n\n<p>Ainda de acordo com o motorista, havia 11 passageiros no ve\u00edculo, sendo seis adolescentes. Nenhum outro ocupante teve ferimentos e foi providenciado transporte para eles.<\/p>\n\n\n\n<p>Conforme a PM, a per\u00edcia da Pol\u00edcia Civil tamb\u00e9m esteve no local e identificou cortes na cabe\u00e7a, sangramento pelo ouvido e incha\u00e7o na cabe\u00e7a da v\u00edtima. Preliminarmente, o perito constatou que os freios e a dire\u00e7\u00e3o do \u00f4nibus estavam funcionando normalmente.<\/p>\n\n\n\n<p>Ainda segundo a PM, o condutor, que era habilitado, foi submetido ao teste de baf\u00f4metro, que deu negativo.<\/p>\n\n\n\n<p>O corpo do menor foi levado para o Posto M\u00e9dico Legal de Almenara.<\/p>\n\n\n\n<p>O que diz a Prefeitura<\/p>\n\n\n\n<p>Por meio de nota postada nas redes sociais, a Prefeitura de Itaobim divulgou que decreto luto oficial de tr\u00eas dias e suspendeu festividades que seriam realizadas no munic\u00edpio.<\/p>\n\n\n\n<p>No decreto, assinado pelo prefeito Fabiano Fernandes Silva Ribeiro, a Prefeitura lamentou o falecimento do estudante afirmando que \u201ca perda precoce de uma crian\u00e7a no ambiente escolar representa n\u00e3o apenas uma trag\u00e9dia familiar, mas um luto coletivo que atinge toda a sociedade\u201d.<\/p>\n\n\n\n<p>O prefeito ainda determinou que as secretarias e \u00f3rg\u00e3os do munic\u00edpio adotem medidas para prestar apoio \u00e0 fam\u00edlia.<\/p>\n","protected":false},"excerpt":{"rendered":"<p>Um acidente com um \u00f4nibus escolar da Prefeitura deixou um estudante, de 13 anos, morto em Itaobim, no Vale do Jequitinhonha, nessa sexta-feira (30). Quando a Pol\u00edcia Militar chegou, se deparou com o ve\u00edculo da Prefeitura tombado na regi\u00e3o de C\u00f3rrego Novo e uma equipe do Samu no local. O m\u00e9dico confirmou a morte do [&hellip;]<\/p>\n","protected":false},"author":2,"featured_media":5477,"comment_status":"open","ping_status":"open","sticky":false,"template":"","format":"standard","meta":{"footnotes":""},"categories":[5],"tags":[],"class_list":["post-5476","post","type-post","status-publish","format-standard","has-post-thumbnail","hentry","category-noticias"],"wpmagazine_modules_lite_featured_media_urls":{"thumbnail":["https:\/\/radioclubedeinhapim.com.br\/wp-content\/uploads\/2025\/06\/Copia-de-Inserir-um-subtitulo-2025-06-02T112101.524-150x150.jpg",150,150,true],"cvmm-medium":["https:\/\/radioclubedeinhapim.com.br\/wp-content\/uploads\/2025\/06\/Copia-de-Inserir-um-subtitulo-2025-06-02T112101.524-300x300.jpg",300,300,true],"cvmm-medium-plus":["https:\/\/radioclubedeinhapim.com.br\/wp-content\/uploads\/2025\/06\/Copia-de-Inserir-um-subtitulo-2025-06-02T112101.524-305x207.jpg",305,207,true],"cvmm-portrait":["https:\/\/radioclubedeinhapim.com.br\/wp-content\/uploads\/2025\/06\/Copia-de-Inserir-um-subtitulo-2025-06-02T112101.524-400x600.jpg",400,600,true],"cvmm-medium-square":["https:\/\/radioclubedeinhapim.com.br\/wp-content\/uploads\/2025\/06\/Copia-de-Inserir-um-subtitulo-2025-06-02T112101.524-600x600.jpg",600,600,true],"cvmm-large":["https:\/\/radioclubedeinhapim.com.br\/wp-content\/uploads\/2025\/06\/Copia-de-Inserir-um-subtitulo-2025-06-02T112101.524-1024x1024.jpg",1024,1024,true],"cvmm-small":["https:\/\/radioclubedeinhapim.com.br\/wp-content\/uploads\/2025\/06\/Copia-de-Inserir-um-subtitulo-2025-06-02T112101.524-130x95.jpg",130,95,true],"full":["https:\/\/radioclubedeinhapim.com.br\/wp-content\/uploads\/2025\/06\/Copia-de-Inserir-um-subtitulo-2025-06-02T112101.524.jpg",1080,1080,false]},"categories_names":{"5":{"name":"Not\u00edcias","link":"https:\/\/radioclubedeinhapim.com.br\/index.php\/category\/noticias\/"}},"tags_names":[],"comments_number":"0","_links":{"self":[{"href":"https:\/\/radioclubedeinhapim.com.br\/index.php\/wp-json\/wp\/v2\/posts\/5476","targetHints":{"allow":["GET"]}}],"collection":[{"href":"https:\/\/radioclubedeinhapim.com.br\/index.php\/wp-json\/wp\/v2\/posts"}],"about":[{"href":"https:\/\/radioclubedeinhapim.com.br\/index.php\/wp-json\/wp\/v2\/types\/post"}],"author":[{"embeddable":true,"href":"https:\/\/radioclubedeinhapim.com.br\/index.php\/wp-json\/wp\/v2\/users\/2"}],"replies":[{"embeddable":true,"href":"https:\/\/radioclubedeinhapim.com.br\/index.php\/wp-json\/wp\/v2\/comments?post=5476"}],"version-history":[{"count":1,"href":"https:\/\/radioclubedeinhapim.com.br\/index.php\/wp-json\/wp\/v2\/posts\/5476\/revisions"}],"predecessor-version":[{"id":5478,"href":"https:\/\/radioclubedeinhapim.com.br\/index.php\/wp-json\/wp\/v2\/posts\/5476\/revisions\/5478"}],"wp:featuredmedia":[{"embeddable":true,"href":"https:\/\/radioclubedeinhapim.com.br\/index.php\/wp-json\/wp\/v2\/media\/5477"}],"wp:attachment":[{"href":"https:\/\/radioclubedeinhapim.com.br\/index.php\/wp-json\/wp\/v2\/media?parent=5476"}],"wp:term":[{"taxonomy":"category","embeddable":true,"href":"https:\/\/radioclubedeinhapim.com.br\/index.php\/wp-json\/wp\/v2\/categories?post=5476"},{"taxonomy":"post_tag","embeddable":true,"href":"https:\/\/radioclubedeinhapim.com.br\/index.php\/wp-json\/wp\/v2\/tags?post=5476"}],"curies":[{"name":"wp","href":"https:\/\/api.w.org\/{rel}","templated":true}]}}