{"id":5479,"date":"2025-06-02T11:53:50","date_gmt":"2025-06-02T14:53:50","guid":{"rendered":"https:\/\/radioclubedeinhapim.com.br\/?p=5479"},"modified":"2025-06-02T11:53:50","modified_gmt":"2025-06-02T14:53:50","slug":"confusao-em-carro-termina-com-homem-esfaqueado-e-dois-detidos-na-zona-rural-de-inhapim","status":"publish","type":"post","link":"https:\/\/radioclubedeinhapim.com.br\/index.php\/2025\/06\/02\/confusao-em-carro-termina-com-homem-esfaqueado-e-dois-detidos-na-zona-rural-de-inhapim\/","title":{"rendered":"Confus\u00e3o em carro termina com homem esfaqueado e dois detidos na zona rural de Inhapim"},"content":{"rendered":"\n<p><a><\/a>No final da tarde do dia 01\/06\/2025, a Pol\u00edcia Militar de Minas Gerais, por meio do Sexag\u00e9simo Segundo Batalh\u00e3o de Pol\u00edcia Militar foi acionada ap\u00f3s a entrada de um homem ferido por arma branca no Hospital S\u00e3o Sebasti\u00e3o, em Inhapim. A v\u00edtima, de 43 anos, apresentava quadro grave e precisou ser transferida com urg\u00eancia para o Hospital Nossa Senhora Auxiliadora, em Caratinga.<\/p>\n\n\n\n<p>De acordo com informa\u00e7\u00f5es apuradas pela Pol\u00edcia Militar, o ferimento ocorreu durante um deslocamento em um ve\u00edculo com cinco ocupantes, entre eles o autor, de 50 anos.<\/p>\n\n\n\n<p>Segundo testemunhas, uma discuss\u00e3o entre a v\u00edtima e outro ocupante do carro teria se iniciado. Durante o conflito, a v\u00edtima teria agarrado o motorista pelo pesco\u00e7o, momento em que o autor interveio e desferiu um golpe de faca.<\/p>\n\n\n\n<p>O autor foi localizado e abordado enquanto caminhava na regi\u00e3o do C\u00f3rrego S\u00e3o Silvestre. Ao ser questionado, negou inicialmente a autoria, atribuindo o fato a outro ocupante do ve\u00edculo. Contudo, durante busca pessoal, foi encontrada em sua cintura uma faca com cabo preto, posteriormente identificada como a arma utilizada.<\/p>\n\n\n\n<p>Na resid\u00eancia do outro suspeito citado, os policiais encontraram outra faca com cabo branco, possivelmente lavada, mas com manchas vis\u00edveis na l\u00e2mina. Este indiv\u00edduo apresentava sinais de embriaguez e n\u00e3o conseguiu fornecer informa\u00e7\u00f5es consistentes, sendo tamb\u00e9m conduzido.<\/p>\n\n\n\n<p>O autor, ap\u00f3s v\u00e1rias contradi\u00e7\u00f5es, acabou assumindo ter desferido a facada, alegando que agiu para defender o irm\u00e3o que estava sendo agredido. A v\u00edtima foi submetida a cirurgia de emerg\u00eancia e permanece internada em estado delicado. O autor foi levado ao hospital para avalia\u00e7\u00e3o m\u00e9dica, mesmo sem les\u00f5es aparentes, e em seguida apresentado \u00e0 Delegacia de Pol\u00edcia Civil de Caratinga, junto ao material apreendido.<\/p>\n\n\n\n<p>62\u00ba BPM<\/p>\n","protected":false},"excerpt":{"rendered":"<p>No final da tarde do dia 01\/06\/2025, a Pol\u00edcia Militar de Minas Gerais, por meio do Sexag\u00e9simo Segundo Batalh\u00e3o de Pol\u00edcia Militar foi acionada ap\u00f3s a entrada de um homem ferido por arma branca no Hospital S\u00e3o Sebasti\u00e3o, em Inhapim. A v\u00edtima, de 43 anos, apresentava quadro grave e precisou ser transferida com urg\u00eancia para [&hellip;]<\/p>\n","protected":false},"author":2,"featured_media":5480,"comment_status":"open","ping_status":"open","sticky":false,"template":"","format":"standard","meta":{"footnotes":""},"categories":[5],"tags":[],"class_list":["post-5479","post","type-post","status-publish","format-standard","has-post-thumbnail","hentry","category-noticias"],"wpmagazine_modules_lite_featured_media_urls":{"thumbnail":["https:\/\/radioclubedeinhapim.com.br\/wp-content\/uploads\/2025\/06\/Copia-de-Inserir-um-subtitulo-2025-06-02T114700.385-150x150.jpg",150,150,true],"cvmm-medium":["https:\/\/radioclubedeinhapim.com.br\/wp-content\/uploads\/2025\/06\/Copia-de-Inserir-um-subtitulo-2025-06-02T114700.385-300x300.jpg",300,300,true],"cvmm-medium-plus":["https:\/\/radioclubedeinhapim.com.br\/wp-content\/uploads\/2025\/06\/Copia-de-Inserir-um-subtitulo-2025-06-02T114700.385-305x207.jpg",305,207,true],"cvmm-portrait":["https:\/\/radioclubedeinhapim.com.br\/wp-content\/uploads\/2025\/06\/Copia-de-Inserir-um-subtitulo-2025-06-02T114700.385-400x600.jpg",400,600,true],"cvmm-medium-square":["https:\/\/radioclubedeinhapim.com.br\/wp-content\/uploads\/2025\/06\/Copia-de-Inserir-um-subtitulo-2025-06-02T114700.385-600x600.jpg",600,600,true],"cvmm-large":["https:\/\/radioclubedeinhapim.com.br\/wp-content\/uploads\/2025\/06\/Copia-de-Inserir-um-subtitulo-2025-06-02T114700.385-1024x1024.jpg",1024,1024,true],"cvmm-small":["https:\/\/radioclubedeinhapim.com.br\/wp-content\/uploads\/2025\/06\/Copia-de-Inserir-um-subtitulo-2025-06-02T114700.385-130x95.jpg",130,95,true],"full":["https:\/\/radioclubedeinhapim.com.br\/wp-content\/uploads\/2025\/06\/Copia-de-Inserir-um-subtitulo-2025-06-02T114700.385.jpg",1080,1080,false]},"categories_names":{"5":{"name":"Not\u00edcias","link":"https:\/\/radioclubedeinhapim.com.br\/index.php\/category\/noticias\/"}},"tags_names":[],"comments_number":"0","_links":{"self":[{"href":"https:\/\/radioclubedeinhapim.com.br\/index.php\/wp-json\/wp\/v2\/posts\/5479","targetHints":{"allow":["GET"]}}],"collection":[{"href":"https:\/\/radioclubedeinhapim.com.br\/index.php\/wp-json\/wp\/v2\/posts"}],"about":[{"href":"https:\/\/radioclubedeinhapim.com.br\/index.php\/wp-json\/wp\/v2\/types\/post"}],"author":[{"embeddable":true,"href":"https:\/\/radioclubedeinhapim.com.br\/index.php\/wp-json\/wp\/v2\/users\/2"}],"replies":[{"embeddable":true,"href":"https:\/\/radioclubedeinhapim.com.br\/index.php\/wp-json\/wp\/v2\/comments?post=5479"}],"version-history":[{"count":1,"href":"https:\/\/radioclubedeinhapim.com.br\/index.php\/wp-json\/wp\/v2\/posts\/5479\/revisions"}],"predecessor-version":[{"id":5481,"href":"https:\/\/radioclubedeinhapim.com.br\/index.php\/wp-json\/wp\/v2\/posts\/5479\/revisions\/5481"}],"wp:featuredmedia":[{"embeddable":true,"href":"https:\/\/radioclubedeinhapim.com.br\/index.php\/wp-json\/wp\/v2\/media\/5480"}],"wp:attachment":[{"href":"https:\/\/radioclubedeinhapim.com.br\/index.php\/wp-json\/wp\/v2\/media?parent=5479"}],"wp:term":[{"taxonomy":"category","embeddable":true,"href":"https:\/\/radioclubedeinhapim.com.br\/index.php\/wp-json\/wp\/v2\/categories?post=5479"},{"taxonomy":"post_tag","embeddable":true,"href":"https:\/\/radioclubedeinhapim.com.br\/index.php\/wp-json\/wp\/v2\/tags?post=5479"}],"curies":[{"name":"wp","href":"https:\/\/api.w.org\/{rel}","templated":true}]}}