{"id":5522,"date":"2025-06-05T08:21:21","date_gmt":"2025-06-05T11:21:21","guid":{"rendered":"https:\/\/radioclubedeinhapim.com.br\/?p=5522"},"modified":"2025-06-05T08:21:21","modified_gmt":"2025-06-05T11:21:21","slug":"chefe-do-trafico-cara-de-egua-e-morto-a-tiros-enquanto-fazia-unha-em-salao-de-bh","status":"publish","type":"post","link":"https:\/\/radioclubedeinhapim.com.br\/index.php\/2025\/06\/05\/chefe-do-trafico-cara-de-egua-e-morto-a-tiros-enquanto-fazia-unha-em-salao-de-bh\/","title":{"rendered":"Chefe do tr\u00e1fico, \u2018Cara de \u00c9gua\u2019 \u00e9 morto a tiros enquanto fazia unha em sal\u00e3o de BH"},"content":{"rendered":"\n<p>A Pol\u00edcia Civil de Minas Gerais, por meio do Departamento de Homic\u00eddios e Prote\u00e7\u00e3o \u00e0 Pessoa (DHPP), investiga o assassinato de Bruno Xavier de Souza, de 37 anos, conhecido como \u2018Cara de \u00c9gua\u2019. O crime ocorreu na rua Morro de S\u00e3o Paulo, no bairro Santa Cruz, regi\u00e3o Nordeste de Belo Horizonte, em um sal\u00e3o de beleza.<\/p>\n\n\n\n<p>Segundo informa\u00e7\u00f5es de fontes da Seguran\u00e7a P\u00fablica, a v\u00edtima era apontada como chefe do tr\u00e1fico de drogas no bairro Nova Cachoeirinha. Bruno foi surpreendido por dois homens em uma motocicleta enquanto fazia as unhas em um sal\u00e3o de beleza. Os criminosos efetuaram v\u00e1rios disparos contra ele.<\/p>\n\n\n\n<p>Um suspeito do crime foi abordado por militares do T\u00e1tico M\u00f3vel do 16\u00ba Batalh\u00e3o. O indiv\u00edduo \u00e9 suspeito de atuar no tr\u00e1fico de drogas na Vila Inest\u00e3, localizada \u00e0s margens do Anel Rodovi\u00e1rio de Belo Horizonte.<\/p>\n\n\n\n<p>As evid\u00eancias que ligam o suspeito ao crime incluem dados do GPS de sua motocicleta, que indicam sua presen\u00e7a nas proximidades do local do homic\u00eddio no hor\u00e1rio em que o crime ocorreu. A decis\u00e3o sobre um poss\u00edvel flagrante caber\u00e1 \u00e0 Pol\u00edcia Civil.<\/p>\n\n\n\n<p>O corpo de Bruno Xavier foi encaminhado ao Instituto M\u00e9dico Legal (IML) de Belo Horizonte. O DHPP segue com as investiga\u00e7\u00f5es para esclarecer todas as circunst\u00e2ncias do assassinato e identificar os demais envolvidos no crime.<\/p>\n","protected":false},"excerpt":{"rendered":"<p>A Pol\u00edcia Civil de Minas Gerais, por meio do Departamento de Homic\u00eddios e Prote\u00e7\u00e3o \u00e0 Pessoa (DHPP), investiga o assassinato de Bruno Xavier de Souza, de 37 anos, conhecido como \u2018Cara de \u00c9gua\u2019. O crime ocorreu na rua Morro de S\u00e3o Paulo, no bairro Santa Cruz, regi\u00e3o Nordeste de Belo Horizonte, em um sal\u00e3o de [&hellip;]<\/p>\n","protected":false},"author":2,"featured_media":5523,"comment_status":"open","ping_status":"open","sticky":false,"template":"","format":"standard","meta":{"footnotes":""},"categories":[5],"tags":[],"class_list":["post-5522","post","type-post","status-publish","format-standard","has-post-thumbnail","hentry","category-noticias"],"wpmagazine_modules_lite_featured_media_urls":{"thumbnail":["https:\/\/radioclubedeinhapim.com.br\/wp-content\/uploads\/2025\/06\/Copia-de-Inserir-um-subtitulo-2025-06-05T082142.520-150x150.jpg",150,150,true],"cvmm-medium":["https:\/\/radioclubedeinhapim.com.br\/wp-content\/uploads\/2025\/06\/Copia-de-Inserir-um-subtitulo-2025-06-05T082142.520-300x300.jpg",300,300,true],"cvmm-medium-plus":["https:\/\/radioclubedeinhapim.com.br\/wp-content\/uploads\/2025\/06\/Copia-de-Inserir-um-subtitulo-2025-06-05T082142.520-305x207.jpg",305,207,true],"cvmm-portrait":["https:\/\/radioclubedeinhapim.com.br\/wp-content\/uploads\/2025\/06\/Copia-de-Inserir-um-subtitulo-2025-06-05T082142.520-400x600.jpg",400,600,true],"cvmm-medium-square":["https:\/\/radioclubedeinhapim.com.br\/wp-content\/uploads\/2025\/06\/Copia-de-Inserir-um-subtitulo-2025-06-05T082142.520-600x600.jpg",600,600,true],"cvmm-large":["https:\/\/radioclubedeinhapim.com.br\/wp-content\/uploads\/2025\/06\/Copia-de-Inserir-um-subtitulo-2025-06-05T082142.520-1024x1024.jpg",1024,1024,true],"cvmm-small":["https:\/\/radioclubedeinhapim.com.br\/wp-content\/uploads\/2025\/06\/Copia-de-Inserir-um-subtitulo-2025-06-05T082142.520-130x95.jpg",130,95,true],"full":["https:\/\/radioclubedeinhapim.com.br\/wp-content\/uploads\/2025\/06\/Copia-de-Inserir-um-subtitulo-2025-06-05T082142.520.jpg",1080,1080,false]},"categories_names":{"5":{"name":"Not\u00edcias","link":"https:\/\/radioclubedeinhapim.com.br\/index.php\/category\/noticias\/"}},"tags_names":[],"comments_number":"0","_links":{"self":[{"href":"https:\/\/radioclubedeinhapim.com.br\/index.php\/wp-json\/wp\/v2\/posts\/5522","targetHints":{"allow":["GET"]}}],"collection":[{"href":"https:\/\/radioclubedeinhapim.com.br\/index.php\/wp-json\/wp\/v2\/posts"}],"about":[{"href":"https:\/\/radioclubedeinhapim.com.br\/index.php\/wp-json\/wp\/v2\/types\/post"}],"author":[{"embeddable":true,"href":"https:\/\/radioclubedeinhapim.com.br\/index.php\/wp-json\/wp\/v2\/users\/2"}],"replies":[{"embeddable":true,"href":"https:\/\/radioclubedeinhapim.com.br\/index.php\/wp-json\/wp\/v2\/comments?post=5522"}],"version-history":[{"count":1,"href":"https:\/\/radioclubedeinhapim.com.br\/index.php\/wp-json\/wp\/v2\/posts\/5522\/revisions"}],"predecessor-version":[{"id":5524,"href":"https:\/\/radioclubedeinhapim.com.br\/index.php\/wp-json\/wp\/v2\/posts\/5522\/revisions\/5524"}],"wp:featuredmedia":[{"embeddable":true,"href":"https:\/\/radioclubedeinhapim.com.br\/index.php\/wp-json\/wp\/v2\/media\/5523"}],"wp:attachment":[{"href":"https:\/\/radioclubedeinhapim.com.br\/index.php\/wp-json\/wp\/v2\/media?parent=5522"}],"wp:term":[{"taxonomy":"category","embeddable":true,"href":"https:\/\/radioclubedeinhapim.com.br\/index.php\/wp-json\/wp\/v2\/categories?post=5522"},{"taxonomy":"post_tag","embeddable":true,"href":"https:\/\/radioclubedeinhapim.com.br\/index.php\/wp-json\/wp\/v2\/tags?post=5522"}],"curies":[{"name":"wp","href":"https:\/\/api.w.org\/{rel}","templated":true}]}}