{"id":5554,"date":"2025-06-09T10:19:00","date_gmt":"2025-06-09T13:19:00","guid":{"rendered":"https:\/\/radioclubedeinhapim.com.br\/?p=5554"},"modified":"2025-06-09T10:19:00","modified_gmt":"2025-06-09T13:19:00","slug":"stf-inicia-nesta-segunda-os-interrogatorios-sobre-tentativa-de-golpe","status":"publish","type":"post","link":"https:\/\/radioclubedeinhapim.com.br\/index.php\/2025\/06\/09\/stf-inicia-nesta-segunda-os-interrogatorios-sobre-tentativa-de-golpe\/","title":{"rendered":"STF inicia nesta segunda os interrogat\u00f3rios sobre tentativa de golpe"},"content":{"rendered":"\n<p>O ministro Alexandre de Moraes e o ex-presidente Jair Bolsonaro (PL) ficam frente a frente no Supremo Tribunal Federal (STF) nesta segunda-feira (9), dia que marca o in\u00edcio da fase de interrogat\u00f3rios do processo que apura uma suposta tentativa de golpe de Estado ap\u00f3s as elei\u00e7\u00f5es de 2022. A audi\u00eancia ser\u00e1 presencial, das 14h \u00e0s 20h, na sala da Primeira Turma da Corte, em Bras\u00edlia.<\/p>\n\n\n\n<p>Al\u00e9m de Bolsonaro, outros sete r\u00e9us tamb\u00e9m prestar\u00e3o depoimento ao longo da semana. Todos devem permanecer na sala durante toda a audi\u00eancia. Apenas o general Walter Braga Netto, por estar preso, ser\u00e1 ouvido por videoconfer\u00eancia. O primeiro a ser interrogado \u00e9 Mauro Cid, ex-ajudante de ordens e delator do caso. Inicialmente, ele e Bolsonaro sentariam lado a lado, mas o STF reorganizou os lugares por quest\u00f5es de seguran\u00e7a.<\/p>\n\n\n\n<h3 class=\"wp-block-heading\"><strong>Como ser\u00e1 a din\u00e2mica do julgamento<\/strong><\/h3>\n\n\n\n<p>Bolsonaro e outros r\u00e9us v\u00e3o se sentar em mesas organizadas em fila, atr\u00e1s da mesa principal onde estar\u00e1 Moraes e os demais ministros da Primeira Turma: Fl\u00e1vio Dino, C\u00e1rmen L\u00facia, Cristiano Zanin e Luiz Fux. \u00c0 frente do ministro, ficar\u00e1 uma mesa para o r\u00e9u que estiver prestando depoimento, sempre acompanhado de seu advogado.<\/p>\n","protected":false},"excerpt":{"rendered":"<p>O ministro Alexandre de Moraes e o ex-presidente Jair Bolsonaro (PL) ficam frente a frente no Supremo Tribunal Federal (STF) nesta segunda-feira (9), dia que marca o in\u00edcio da fase de interrogat\u00f3rios do processo que apura uma suposta tentativa de golpe de Estado ap\u00f3s as elei\u00e7\u00f5es de 2022. A audi\u00eancia ser\u00e1 presencial, das 14h \u00e0s [&hellip;]<\/p>\n","protected":false},"author":2,"featured_media":5555,"comment_status":"open","ping_status":"open","sticky":false,"template":"","format":"standard","meta":{"footnotes":""},"categories":[5],"tags":[],"class_list":["post-5554","post","type-post","status-publish","format-standard","has-post-thumbnail","hentry","category-noticias"],"wpmagazine_modules_lite_featured_media_urls":{"thumbnail":["https:\/\/radioclubedeinhapim.com.br\/wp-content\/uploads\/2025\/06\/002-150x150.jpg",150,150,true],"cvmm-medium":["https:\/\/radioclubedeinhapim.com.br\/wp-content\/uploads\/2025\/06\/002-300x300.jpg",300,300,true],"cvmm-medium-plus":["https:\/\/radioclubedeinhapim.com.br\/wp-content\/uploads\/2025\/06\/002-305x207.jpg",305,207,true],"cvmm-portrait":["https:\/\/radioclubedeinhapim.com.br\/wp-content\/uploads\/2025\/06\/002-400x600.jpg",400,600,true],"cvmm-medium-square":["https:\/\/radioclubedeinhapim.com.br\/wp-content\/uploads\/2025\/06\/002-600x600.jpg",600,600,true],"cvmm-large":["https:\/\/radioclubedeinhapim.com.br\/wp-content\/uploads\/2025\/06\/002-1024x1024.jpg",1024,1024,true],"cvmm-small":["https:\/\/radioclubedeinhapim.com.br\/wp-content\/uploads\/2025\/06\/002-130x95.jpg",130,95,true],"full":["https:\/\/radioclubedeinhapim.com.br\/wp-content\/uploads\/2025\/06\/002.jpg",1080,1080,false]},"categories_names":{"5":{"name":"Not\u00edcias","link":"https:\/\/radioclubedeinhapim.com.br\/index.php\/category\/noticias\/"}},"tags_names":[],"comments_number":"0","_links":{"self":[{"href":"https:\/\/radioclubedeinhapim.com.br\/index.php\/wp-json\/wp\/v2\/posts\/5554","targetHints":{"allow":["GET"]}}],"collection":[{"href":"https:\/\/radioclubedeinhapim.com.br\/index.php\/wp-json\/wp\/v2\/posts"}],"about":[{"href":"https:\/\/radioclubedeinhapim.com.br\/index.php\/wp-json\/wp\/v2\/types\/post"}],"author":[{"embeddable":true,"href":"https:\/\/radioclubedeinhapim.com.br\/index.php\/wp-json\/wp\/v2\/users\/2"}],"replies":[{"embeddable":true,"href":"https:\/\/radioclubedeinhapim.com.br\/index.php\/wp-json\/wp\/v2\/comments?post=5554"}],"version-history":[{"count":1,"href":"https:\/\/radioclubedeinhapim.com.br\/index.php\/wp-json\/wp\/v2\/posts\/5554\/revisions"}],"predecessor-version":[{"id":5556,"href":"https:\/\/radioclubedeinhapim.com.br\/index.php\/wp-json\/wp\/v2\/posts\/5554\/revisions\/5556"}],"wp:featuredmedia":[{"embeddable":true,"href":"https:\/\/radioclubedeinhapim.com.br\/index.php\/wp-json\/wp\/v2\/media\/5555"}],"wp:attachment":[{"href":"https:\/\/radioclubedeinhapim.com.br\/index.php\/wp-json\/wp\/v2\/media?parent=5554"}],"wp:term":[{"taxonomy":"category","embeddable":true,"href":"https:\/\/radioclubedeinhapim.com.br\/index.php\/wp-json\/wp\/v2\/categories?post=5554"},{"taxonomy":"post_tag","embeddable":true,"href":"https:\/\/radioclubedeinhapim.com.br\/index.php\/wp-json\/wp\/v2\/tags?post=5554"}],"curies":[{"name":"wp","href":"https:\/\/api.w.org\/{rel}","templated":true}]}}