{"id":5563,"date":"2025-06-09T15:11:51","date_gmt":"2025-06-09T18:11:51","guid":{"rendered":"https:\/\/radioclubedeinhapim.com.br\/?p=5563"},"modified":"2025-06-09T15:11:51","modified_gmt":"2025-06-09T18:11:51","slug":"onibus-com-35-passageiros-tomba-na-br-381-em-governador-valadares","status":"publish","type":"post","link":"https:\/\/radioclubedeinhapim.com.br\/index.php\/2025\/06\/09\/onibus-com-35-passageiros-tomba-na-br-381-em-governador-valadares\/","title":{"rendered":"\u00d4nibus com 35 passageiros tomba na BR-381, em Governador Valadares"},"content":{"rendered":"\n<p>Um \u00f4nibus com 35 passageiros tombou neste domingo (8), na BR-381, em Governador Valadares. Segundo o Corpo de Bombeiros, o acidente aconteceu no trecho sentido Periquito, quando o ve\u00edculo perdeu o controle e caiu em uma vala no canteiro central da rodovia.<\/p>\n\n\n\n<p>De acordo com o motorista, o tombamento ocorreu ap\u00f3s ele subir no meio-fio do canteiro e perder o controle direcional do \u00f4nibus, que pertence \u00e0 empresa TransNeres e fazia a linha Teixeira de Freitas (BA) \u2013 S\u00e3o Paulo (SP).<\/p>\n\n\n\n<p>Quando as equipes de resgate chegaram ao local, os passageiros j\u00e1 haviam sa\u00eddo do ve\u00edculo por conta pr\u00f3pria. Nenhuma pessoa ficou ferida. Segundo os Bombeiros, todos foram avaliados no local e classificados como prioridade verde no protocolo de triagem \u2014 ou seja, sem ferimentos aparentes e sem necessidade de encaminhamento m\u00e9dico.<\/p>\n\n\n\n<p>O Corpo de Bombeiros realizou vistoria no interior do \u00f4nibus para verificar se havia v\u00edtimas retidas, o que n\u00e3o foi constatado. O local do acidente foi isolado com cones e fitas para garantir a seguran\u00e7a do atendimento.<\/p>\n\n\n\n<p>Viaturas do Samu, da Pol\u00edcia Rodovi\u00e1ria Federal e dos bombeiros deram apoio a ocorr\u00eancia. Um \u00f4nibus reserva foi enviado para buscar os passageiros, que foram levados a um ponto de apoio de outra empresa e seguiram viagem em seguran\u00e7a. O motorista e uma guia de viagem permaneceram no local para acompanhar os procedimentos.<\/p>\n\n\n\n<p>A ocorr\u00eancia ficou sob responsabilidade da Pol\u00edcia Rodovi\u00e1ria Federal, que deve apurar as causas do acidente.<\/p>\n\n\n\n<p>Em uma nota publicada nas redes sociais, a TransNeres informou que o acidente foi de \u201cpequena propor\u00e7\u00e3o\u201d e que ningu\u00e9m se feriu. A empresa afirmou que prestou todo o apoio necess\u00e1rio aos passageiros e providenciou outro ve\u00edculo \u201clegalizado no mesmo padr\u00e3o da empresa para seguran\u00e7a de todos\u201d.<\/p>\n","protected":false},"excerpt":{"rendered":"<p>Um \u00f4nibus com 35 passageiros tombou neste domingo (8), na BR-381, em Governador Valadares. Segundo o Corpo de Bombeiros, o acidente aconteceu no trecho sentido Periquito, quando o ve\u00edculo perdeu o controle e caiu em uma vala no canteiro central da rodovia. De acordo com o motorista, o tombamento ocorreu ap\u00f3s ele subir no meio-fio [&hellip;]<\/p>\n","protected":false},"author":2,"featured_media":5564,"comment_status":"open","ping_status":"open","sticky":false,"template":"","format":"standard","meta":{"footnotes":""},"categories":[5],"tags":[],"class_list":["post-5563","post","type-post","status-publish","format-standard","has-post-thumbnail","hentry","category-noticias"],"wpmagazine_modules_lite_featured_media_urls":{"thumbnail":["https:\/\/radioclubedeinhapim.com.br\/wp-content\/uploads\/2025\/06\/Copia-de-Inserir-um-subtitulo-2025-06-09T151202.255-150x150.jpg",150,150,true],"cvmm-medium":["https:\/\/radioclubedeinhapim.com.br\/wp-content\/uploads\/2025\/06\/Copia-de-Inserir-um-subtitulo-2025-06-09T151202.255-300x300.jpg",300,300,true],"cvmm-medium-plus":["https:\/\/radioclubedeinhapim.com.br\/wp-content\/uploads\/2025\/06\/Copia-de-Inserir-um-subtitulo-2025-06-09T151202.255-305x207.jpg",305,207,true],"cvmm-portrait":["https:\/\/radioclubedeinhapim.com.br\/wp-content\/uploads\/2025\/06\/Copia-de-Inserir-um-subtitulo-2025-06-09T151202.255-400x600.jpg",400,600,true],"cvmm-medium-square":["https:\/\/radioclubedeinhapim.com.br\/wp-content\/uploads\/2025\/06\/Copia-de-Inserir-um-subtitulo-2025-06-09T151202.255-600x600.jpg",600,600,true],"cvmm-large":["https:\/\/radioclubedeinhapim.com.br\/wp-content\/uploads\/2025\/06\/Copia-de-Inserir-um-subtitulo-2025-06-09T151202.255-1024x1024.jpg",1024,1024,true],"cvmm-small":["https:\/\/radioclubedeinhapim.com.br\/wp-content\/uploads\/2025\/06\/Copia-de-Inserir-um-subtitulo-2025-06-09T151202.255-130x95.jpg",130,95,true],"full":["https:\/\/radioclubedeinhapim.com.br\/wp-content\/uploads\/2025\/06\/Copia-de-Inserir-um-subtitulo-2025-06-09T151202.255.jpg",1080,1080,false]},"categories_names":{"5":{"name":"Not\u00edcias","link":"https:\/\/radioclubedeinhapim.com.br\/index.php\/category\/noticias\/"}},"tags_names":[],"comments_number":"0","_links":{"self":[{"href":"https:\/\/radioclubedeinhapim.com.br\/index.php\/wp-json\/wp\/v2\/posts\/5563","targetHints":{"allow":["GET"]}}],"collection":[{"href":"https:\/\/radioclubedeinhapim.com.br\/index.php\/wp-json\/wp\/v2\/posts"}],"about":[{"href":"https:\/\/radioclubedeinhapim.com.br\/index.php\/wp-json\/wp\/v2\/types\/post"}],"author":[{"embeddable":true,"href":"https:\/\/radioclubedeinhapim.com.br\/index.php\/wp-json\/wp\/v2\/users\/2"}],"replies":[{"embeddable":true,"href":"https:\/\/radioclubedeinhapim.com.br\/index.php\/wp-json\/wp\/v2\/comments?post=5563"}],"version-history":[{"count":1,"href":"https:\/\/radioclubedeinhapim.com.br\/index.php\/wp-json\/wp\/v2\/posts\/5563\/revisions"}],"predecessor-version":[{"id":5565,"href":"https:\/\/radioclubedeinhapim.com.br\/index.php\/wp-json\/wp\/v2\/posts\/5563\/revisions\/5565"}],"wp:featuredmedia":[{"embeddable":true,"href":"https:\/\/radioclubedeinhapim.com.br\/index.php\/wp-json\/wp\/v2\/media\/5564"}],"wp:attachment":[{"href":"https:\/\/radioclubedeinhapim.com.br\/index.php\/wp-json\/wp\/v2\/media?parent=5563"}],"wp:term":[{"taxonomy":"category","embeddable":true,"href":"https:\/\/radioclubedeinhapim.com.br\/index.php\/wp-json\/wp\/v2\/categories?post=5563"},{"taxonomy":"post_tag","embeddable":true,"href":"https:\/\/radioclubedeinhapim.com.br\/index.php\/wp-json\/wp\/v2\/tags?post=5563"}],"curies":[{"name":"wp","href":"https:\/\/api.w.org\/{rel}","templated":true}]}}