{"id":5617,"date":"2025-06-11T16:16:30","date_gmt":"2025-06-11T19:16:30","guid":{"rendered":"https:\/\/radioclubedeinhapim.com.br\/?p=5617"},"modified":"2025-06-11T16:16:30","modified_gmt":"2025-06-11T19:16:30","slug":"jovem-e-preso-por-manter-ex-companheira-e-filha-de-3-anos-em-carcere-privado-em-governador-valadares","status":"publish","type":"post","link":"https:\/\/radioclubedeinhapim.com.br\/index.php\/2025\/06\/11\/jovem-e-preso-por-manter-ex-companheira-e-filha-de-3-anos-em-carcere-privado-em-governador-valadares\/","title":{"rendered":"Jovem \u00e9 preso por manter ex-companheira e filha de 3 anos em c\u00e1rcere privado em Governador Valadares"},"content":{"rendered":"\n<p>Um jovem de 23 anos foi preso nessa ter\u00e7a-feira (10) no bairro Vila Uni\u00e3o, em Governador Valadares, por manter a ex-companheira, de 21 anos, e a filha de 3 anos em c\u00e1rcere privado. A Pol\u00edcia Militar encontrou o suspeito em casa com uma arma de fogo e 16 muni\u00e7\u00f5es.<\/p>\n\n\n\n<p>De acordo com den\u00fancias, a mulher estava impedida de deixar a resid\u00eancia sob amea\u00e7a de morte. Ela teria se mudado da casa onde vivia com o suspeito h\u00e1 cerca de 15 dias, mas voltou ap\u00f3s ser coagida. A den\u00fancia indicava que o homem monitorava todos os passos da v\u00edtima, inclusive quando ela sa\u00eda para levar a filha \u00e0 creche.<\/p>\n\n\n\n<p>A PM foi acionada e permaneceu por cerca de 40 minutos do lado de fora da casa at\u00e9 conseguir contato com o suspeito, que acompanhava a movimenta\u00e7\u00e3o pela c\u00e2mera de seguran\u00e7a instalada no local. Durante esse tempo, ele aumentou o volume do som da resid\u00eancia, o que levantou suspeitas de tentativa de destrui\u00e7\u00e3o de provas.<\/p>\n\n\n\n<p>Ao entrarem na casa, os policiais localizaram um rev\u00f3lver calibre .38 escondido em uma fenda entre a casa do suspeito e a de um vizinho, al\u00e9m de 16 muni\u00e7\u00f5es escondidas em uma meia. O celular do suspeito e a c\u00e2mera de vigil\u00e2ncia tamb\u00e9m foram apreendidos.<\/p>\n\n\n\n<p>A mulher, segundo os policiais, demonstrava medo, mas negou inicialmente estar sendo mantida em c\u00e1rcere. A m\u00e3e do suspeito confirmou aos militares que ele n\u00e3o aceitava o fim do relacionamento e fazia amea\u00e7as frequentes de morte contra a ex-companheira e a filha.<\/p>\n\n\n\n<p>O homem foi levado \u00e0 delegacia e vai responder por c\u00e1rcere privado, amea\u00e7a e posse ilegal de arma de fogo. O caso segue sob investiga\u00e7\u00e3o.<\/p>\n\n\n\n<p><a href=\"https:\/\/business.facebook.com\/latest\/composer?asset_id=109052222577696&amp;nav_ref=internal_nav&amp;ref=biz_web_content_manager_calendar_view&amp;context_ref=CONTENT_CALENDAR#\"><\/a><\/p>\n","protected":false},"excerpt":{"rendered":"<p>Um jovem de 23 anos foi preso nessa ter\u00e7a-feira (10) no bairro Vila Uni\u00e3o, em Governador Valadares, por manter a ex-companheira, de 21 anos, e a filha de 3 anos em c\u00e1rcere privado. A Pol\u00edcia Militar encontrou o suspeito em casa com uma arma de fogo e 16 muni\u00e7\u00f5es. De acordo com den\u00fancias, a mulher [&hellip;]<\/p>\n","protected":false},"author":2,"featured_media":5618,"comment_status":"open","ping_status":"open","sticky":false,"template":"","format":"standard","meta":{"footnotes":""},"categories":[5],"tags":[],"class_list":["post-5617","post","type-post","status-publish","format-standard","has-post-thumbnail","hentry","category-noticias"],"wpmagazine_modules_lite_featured_media_urls":{"thumbnail":["https:\/\/radioclubedeinhapim.com.br\/wp-content\/uploads\/2025\/06\/Copia-de-Inserir-um-subtitulo-2025-06-11T161814.696-150x150.jpg",150,150,true],"cvmm-medium":["https:\/\/radioclubedeinhapim.com.br\/wp-content\/uploads\/2025\/06\/Copia-de-Inserir-um-subtitulo-2025-06-11T161814.696-300x300.jpg",300,300,true],"cvmm-medium-plus":["https:\/\/radioclubedeinhapim.com.br\/wp-content\/uploads\/2025\/06\/Copia-de-Inserir-um-subtitulo-2025-06-11T161814.696-305x207.jpg",305,207,true],"cvmm-portrait":["https:\/\/radioclubedeinhapim.com.br\/wp-content\/uploads\/2025\/06\/Copia-de-Inserir-um-subtitulo-2025-06-11T161814.696-400x600.jpg",400,600,true],"cvmm-medium-square":["https:\/\/radioclubedeinhapim.com.br\/wp-content\/uploads\/2025\/06\/Copia-de-Inserir-um-subtitulo-2025-06-11T161814.696-600x600.jpg",600,600,true],"cvmm-large":["https:\/\/radioclubedeinhapim.com.br\/wp-content\/uploads\/2025\/06\/Copia-de-Inserir-um-subtitulo-2025-06-11T161814.696-1024x1024.jpg",1024,1024,true],"cvmm-small":["https:\/\/radioclubedeinhapim.com.br\/wp-content\/uploads\/2025\/06\/Copia-de-Inserir-um-subtitulo-2025-06-11T161814.696-130x95.jpg",130,95,true],"full":["https:\/\/radioclubedeinhapim.com.br\/wp-content\/uploads\/2025\/06\/Copia-de-Inserir-um-subtitulo-2025-06-11T161814.696.jpg",1080,1080,false]},"categories_names":{"5":{"name":"Not\u00edcias","link":"https:\/\/radioclubedeinhapim.com.br\/index.php\/category\/noticias\/"}},"tags_names":[],"comments_number":"0","_links":{"self":[{"href":"https:\/\/radioclubedeinhapim.com.br\/index.php\/wp-json\/wp\/v2\/posts\/5617","targetHints":{"allow":["GET"]}}],"collection":[{"href":"https:\/\/radioclubedeinhapim.com.br\/index.php\/wp-json\/wp\/v2\/posts"}],"about":[{"href":"https:\/\/radioclubedeinhapim.com.br\/index.php\/wp-json\/wp\/v2\/types\/post"}],"author":[{"embeddable":true,"href":"https:\/\/radioclubedeinhapim.com.br\/index.php\/wp-json\/wp\/v2\/users\/2"}],"replies":[{"embeddable":true,"href":"https:\/\/radioclubedeinhapim.com.br\/index.php\/wp-json\/wp\/v2\/comments?post=5617"}],"version-history":[{"count":1,"href":"https:\/\/radioclubedeinhapim.com.br\/index.php\/wp-json\/wp\/v2\/posts\/5617\/revisions"}],"predecessor-version":[{"id":5619,"href":"https:\/\/radioclubedeinhapim.com.br\/index.php\/wp-json\/wp\/v2\/posts\/5617\/revisions\/5619"}],"wp:featuredmedia":[{"embeddable":true,"href":"https:\/\/radioclubedeinhapim.com.br\/index.php\/wp-json\/wp\/v2\/media\/5618"}],"wp:attachment":[{"href":"https:\/\/radioclubedeinhapim.com.br\/index.php\/wp-json\/wp\/v2\/media?parent=5617"}],"wp:term":[{"taxonomy":"category","embeddable":true,"href":"https:\/\/radioclubedeinhapim.com.br\/index.php\/wp-json\/wp\/v2\/categories?post=5617"},{"taxonomy":"post_tag","embeddable":true,"href":"https:\/\/radioclubedeinhapim.com.br\/index.php\/wp-json\/wp\/v2\/tags?post=5617"}],"curies":[{"name":"wp","href":"https:\/\/api.w.org\/{rel}","templated":true}]}}