{"id":5643,"date":"2025-06-13T08:43:55","date_gmt":"2025-06-13T11:43:55","guid":{"rendered":"https:\/\/radioclubedeinhapim.com.br\/?p=5643"},"modified":"2025-06-13T08:43:55","modified_gmt":"2025-06-13T11:43:55","slug":"carreta-com-28-toneladas-de-frango-tomba-na-br-381-em-antonio-dias","status":"publish","type":"post","link":"https:\/\/radioclubedeinhapim.com.br\/index.php\/2025\/06\/13\/carreta-com-28-toneladas-de-frango-tomba-na-br-381-em-antonio-dias\/","title":{"rendered":"Carreta com 28 toneladas de frango tomba na BR-381 em Ant\u00f4nio Dias"},"content":{"rendered":"\n<p>Na noite desta quinta-feira (12), uma carreta que transportava cerca de 28 toneladas de frango congelado tombou na BR-381, em um trecho pr\u00f3ximo \u00e0 localidade de Prainha, no munic\u00edpio de Ant\u00f4nio Dias, Minas Gerais.<\/p>\n\n\n\n<p>Segundo relatos do motorista, ele seguia com destino a um supermercado em Ipatinga, ap\u00f3s sair de Santa Catarina. Quando trafegava por um trecho em declive com quebra-molas, foi surpreendido por outra carreta que vinha em sentido contr\u00e1rio.<\/p>\n\n\n\n<p>Para evitar um acidente frontal, desviou rapidamente para fora da pista, o que resultou no tombamento do ve\u00edculo.<\/p>\n\n\n\n<p>Apesar do impacto, o condutor n\u00e3o sofreu ferimentos. Por\u00e9m, antes da chegada da Pol\u00edcia Rodovi\u00e1ria Federal (PRF), parte da carga foi saqueada por populares que estavam nas proximidades.<\/p>\n\n\n\n<p>A PRF assumiu a ocorr\u00eancia, controlou o tr\u00e2nsito e coordenou a sinaliza\u00e7\u00e3o na \u00e1rea. A remo\u00e7\u00e3o do caminh\u00e3o ficou sob responsabilidade da equipe do Auto Socorro J\u00fanior, de Nova Era, que atuou com rapidez e efici\u00eancia para liberar a via.<\/p>\n\n\n\n<p>As causas exatas do acidente ainda est\u00e3o sendo apuradas pelas autoridades.<\/p>\n\n\n\n<p>&#8220;Para evitar uma colis\u00e3o frontal, ele desviou bruscamente para fora da pista, o que provocou o tombamento do caminh\u00e3o&#8221;, relatou o motorista envolvido no acidente.<\/p>\n","protected":false},"excerpt":{"rendered":"<p>Na noite desta quinta-feira (12), uma carreta que transportava cerca de 28 toneladas de frango congelado tombou na BR-381, em um trecho pr\u00f3ximo \u00e0 localidade de Prainha, no munic\u00edpio de Ant\u00f4nio Dias, Minas Gerais. Segundo relatos do motorista, ele seguia com destino a um supermercado em Ipatinga, ap\u00f3s sair de Santa Catarina. Quando trafegava por [&hellip;]<\/p>\n","protected":false},"author":2,"featured_media":5644,"comment_status":"open","ping_status":"open","sticky":false,"template":"","format":"standard","meta":{"footnotes":""},"categories":[5],"tags":[],"class_list":["post-5643","post","type-post","status-publish","format-standard","has-post-thumbnail","hentry","category-noticias"],"wpmagazine_modules_lite_featured_media_urls":{"thumbnail":["https:\/\/radioclubedeinhapim.com.br\/wp-content\/uploads\/2025\/06\/Copia-de-Inserir-um-subtitulo-2025-06-13T084238.544-150x150.jpg",150,150,true],"cvmm-medium":["https:\/\/radioclubedeinhapim.com.br\/wp-content\/uploads\/2025\/06\/Copia-de-Inserir-um-subtitulo-2025-06-13T084238.544-300x300.jpg",300,300,true],"cvmm-medium-plus":["https:\/\/radioclubedeinhapim.com.br\/wp-content\/uploads\/2025\/06\/Copia-de-Inserir-um-subtitulo-2025-06-13T084238.544-305x207.jpg",305,207,true],"cvmm-portrait":["https:\/\/radioclubedeinhapim.com.br\/wp-content\/uploads\/2025\/06\/Copia-de-Inserir-um-subtitulo-2025-06-13T084238.544-400x600.jpg",400,600,true],"cvmm-medium-square":["https:\/\/radioclubedeinhapim.com.br\/wp-content\/uploads\/2025\/06\/Copia-de-Inserir-um-subtitulo-2025-06-13T084238.544-600x600.jpg",600,600,true],"cvmm-large":["https:\/\/radioclubedeinhapim.com.br\/wp-content\/uploads\/2025\/06\/Copia-de-Inserir-um-subtitulo-2025-06-13T084238.544-1024x1024.jpg",1024,1024,true],"cvmm-small":["https:\/\/radioclubedeinhapim.com.br\/wp-content\/uploads\/2025\/06\/Copia-de-Inserir-um-subtitulo-2025-06-13T084238.544-130x95.jpg",130,95,true],"full":["https:\/\/radioclubedeinhapim.com.br\/wp-content\/uploads\/2025\/06\/Copia-de-Inserir-um-subtitulo-2025-06-13T084238.544.jpg",1080,1080,false]},"categories_names":{"5":{"name":"Not\u00edcias","link":"https:\/\/radioclubedeinhapim.com.br\/index.php\/category\/noticias\/"}},"tags_names":[],"comments_number":"0","_links":{"self":[{"href":"https:\/\/radioclubedeinhapim.com.br\/index.php\/wp-json\/wp\/v2\/posts\/5643","targetHints":{"allow":["GET"]}}],"collection":[{"href":"https:\/\/radioclubedeinhapim.com.br\/index.php\/wp-json\/wp\/v2\/posts"}],"about":[{"href":"https:\/\/radioclubedeinhapim.com.br\/index.php\/wp-json\/wp\/v2\/types\/post"}],"author":[{"embeddable":true,"href":"https:\/\/radioclubedeinhapim.com.br\/index.php\/wp-json\/wp\/v2\/users\/2"}],"replies":[{"embeddable":true,"href":"https:\/\/radioclubedeinhapim.com.br\/index.php\/wp-json\/wp\/v2\/comments?post=5643"}],"version-history":[{"count":1,"href":"https:\/\/radioclubedeinhapim.com.br\/index.php\/wp-json\/wp\/v2\/posts\/5643\/revisions"}],"predecessor-version":[{"id":5645,"href":"https:\/\/radioclubedeinhapim.com.br\/index.php\/wp-json\/wp\/v2\/posts\/5643\/revisions\/5645"}],"wp:featuredmedia":[{"embeddable":true,"href":"https:\/\/radioclubedeinhapim.com.br\/index.php\/wp-json\/wp\/v2\/media\/5644"}],"wp:attachment":[{"href":"https:\/\/radioclubedeinhapim.com.br\/index.php\/wp-json\/wp\/v2\/media?parent=5643"}],"wp:term":[{"taxonomy":"category","embeddable":true,"href":"https:\/\/radioclubedeinhapim.com.br\/index.php\/wp-json\/wp\/v2\/categories?post=5643"},{"taxonomy":"post_tag","embeddable":true,"href":"https:\/\/radioclubedeinhapim.com.br\/index.php\/wp-json\/wp\/v2\/tags?post=5643"}],"curies":[{"name":"wp","href":"https:\/\/api.w.org\/{rel}","templated":true}]}}