{"id":5706,"date":"2025-06-17T11:44:51","date_gmt":"2025-06-17T14:44:51","guid":{"rendered":"https:\/\/radioclubedeinhapim.com.br\/?p=5706"},"modified":"2025-06-17T11:44:51","modified_gmt":"2025-06-17T14:44:51","slug":"presa-por-homofobia-mulher-faz-ataques-um-dia-apos-ser-liberada-da-prisao-em-sp-boiola-depilada","status":"publish","type":"post","link":"https:\/\/radioclubedeinhapim.com.br\/index.php\/2025\/06\/17\/presa-por-homofobia-mulher-faz-ataques-um-dia-apos-ser-liberada-da-prisao-em-sp-boiola-depilada\/","title":{"rendered":"Presa por homofobia, mulher faz ataques um dia ap\u00f3s ser liberada da pris\u00e3o em SP: \u2018boiola depilada\u2019"},"content":{"rendered":"\n<p><a><\/a>Ap\u00f3s ser presa em flagrante depois de cometer atos de homofobia contra um rapaz em um shopping de luxo da zona oeste de S\u00e3o Paulo, a jornalista Adriana Catarina Ramos de Oliveira, de 61 anos, fez novos ataques homof\u00f3bicos contra homens em um condom\u00ednio nessa segunda-feira (16).<\/p>\n\n\n\n<p>Adriana deixou a pris\u00e3o no domingo (15), ap\u00f3s a Justi\u00e7a de S\u00e3o Paulo conceder liberdade provis\u00f3ria durante uma audi\u00eancia de cust\u00f3dia, e a proibiu de frequentar o local em que o crime aconteceu.<\/p>\n\n\n\n<p>Em novas imagens que circulam nas redes sociais, Adriana aparece em um elevador de um condom\u00ednio. Em tom de deboche e ironia, a mulher disse frases como: \u201cEu vou fazer muscula\u00e7\u00e3o para dar o c&#8230;\u201d, \u201cBoiola depilada\u201d, \u201cOlha a gaiola das loucas\u201d, \u201cD\u00e1 o c&#8230;, boiola\u201d.<\/p>\n\n\n\n<p>Durante todo o epis\u00f3dio, Adriana fazia os coment\u00e1rios homof\u00f3bicos com naturalidade, ignorando as v\u00edtimas.<\/p>\n\n\n\n<p>Primeiro ataque homof\u00f3bico<\/p>\n\n\n\n<p>Imagens que circulam pelas redes sociais mostram a jornalista xingando Gabriel Galluzzi Saraiva, de 39 anos, de \u201cbicha nojenta\u201d. Ele estava sentado em uma mesa ao lado com colegas. Adriana tamb\u00e9m chegou a chamar o homem de \u201cassassino\u201d. Ele, por sua vez, a xingou de \u201cimbecil\u201d ao longo da discuss\u00e3o. O caso foi registrado como inj\u00faria no 14\u00b0 DP, em Pinheiros.<\/p>\n\n\n\n<p>\u00c0 TV Globo, Adriana afirmou que Gabriel e seus amigos estavam rindo dela. Ela tamb\u00e9m disse que se arrependeu das ofensas. Segundo Adriana, ela estava ao telefone quando Gabriel e outras pessoas que o acompanhavam mandaram que ela falasse baixo e calasse a boca. Ela alegou ainda que foi v\u00edtima de etarismo.<\/p>\n","protected":false},"excerpt":{"rendered":"<p>Ap\u00f3s ser presa em flagrante depois de cometer atos de homofobia contra um rapaz em um shopping de luxo da zona oeste de S\u00e3o Paulo, a jornalista Adriana Catarina Ramos de Oliveira, de 61 anos, fez novos ataques homof\u00f3bicos contra homens em um condom\u00ednio nessa segunda-feira (16). Adriana deixou a pris\u00e3o no domingo (15), ap\u00f3s [&hellip;]<\/p>\n","protected":false},"author":2,"featured_media":5707,"comment_status":"open","ping_status":"open","sticky":false,"template":"","format":"standard","meta":{"footnotes":""},"categories":[5],"tags":[],"class_list":["post-5706","post","type-post","status-publish","format-standard","has-post-thumbnail","hentry","category-noticias"],"wpmagazine_modules_lite_featured_media_urls":{"thumbnail":["https:\/\/radioclubedeinhapim.com.br\/wp-content\/uploads\/2025\/06\/Copia-de-Inserir-um-subtitulo-2025-06-17T090147.205-150x150.jpg",150,150,true],"cvmm-medium":["https:\/\/radioclubedeinhapim.com.br\/wp-content\/uploads\/2025\/06\/Copia-de-Inserir-um-subtitulo-2025-06-17T090147.205-300x300.jpg",300,300,true],"cvmm-medium-plus":["https:\/\/radioclubedeinhapim.com.br\/wp-content\/uploads\/2025\/06\/Copia-de-Inserir-um-subtitulo-2025-06-17T090147.205-305x207.jpg",305,207,true],"cvmm-portrait":["https:\/\/radioclubedeinhapim.com.br\/wp-content\/uploads\/2025\/06\/Copia-de-Inserir-um-subtitulo-2025-06-17T090147.205-400x600.jpg",400,600,true],"cvmm-medium-square":["https:\/\/radioclubedeinhapim.com.br\/wp-content\/uploads\/2025\/06\/Copia-de-Inserir-um-subtitulo-2025-06-17T090147.205-600x600.jpg",600,600,true],"cvmm-large":["https:\/\/radioclubedeinhapim.com.br\/wp-content\/uploads\/2025\/06\/Copia-de-Inserir-um-subtitulo-2025-06-17T090147.205-1024x1024.jpg",1024,1024,true],"cvmm-small":["https:\/\/radioclubedeinhapim.com.br\/wp-content\/uploads\/2025\/06\/Copia-de-Inserir-um-subtitulo-2025-06-17T090147.205-130x95.jpg",130,95,true],"full":["https:\/\/radioclubedeinhapim.com.br\/wp-content\/uploads\/2025\/06\/Copia-de-Inserir-um-subtitulo-2025-06-17T090147.205.jpg",1080,1080,false]},"categories_names":{"5":{"name":"Not\u00edcias","link":"https:\/\/radioclubedeinhapim.com.br\/index.php\/category\/noticias\/"}},"tags_names":[],"comments_number":"0","_links":{"self":[{"href":"https:\/\/radioclubedeinhapim.com.br\/index.php\/wp-json\/wp\/v2\/posts\/5706","targetHints":{"allow":["GET"]}}],"collection":[{"href":"https:\/\/radioclubedeinhapim.com.br\/index.php\/wp-json\/wp\/v2\/posts"}],"about":[{"href":"https:\/\/radioclubedeinhapim.com.br\/index.php\/wp-json\/wp\/v2\/types\/post"}],"author":[{"embeddable":true,"href":"https:\/\/radioclubedeinhapim.com.br\/index.php\/wp-json\/wp\/v2\/users\/2"}],"replies":[{"embeddable":true,"href":"https:\/\/radioclubedeinhapim.com.br\/index.php\/wp-json\/wp\/v2\/comments?post=5706"}],"version-history":[{"count":1,"href":"https:\/\/radioclubedeinhapim.com.br\/index.php\/wp-json\/wp\/v2\/posts\/5706\/revisions"}],"predecessor-version":[{"id":5708,"href":"https:\/\/radioclubedeinhapim.com.br\/index.php\/wp-json\/wp\/v2\/posts\/5706\/revisions\/5708"}],"wp:featuredmedia":[{"embeddable":true,"href":"https:\/\/radioclubedeinhapim.com.br\/index.php\/wp-json\/wp\/v2\/media\/5707"}],"wp:attachment":[{"href":"https:\/\/radioclubedeinhapim.com.br\/index.php\/wp-json\/wp\/v2\/media?parent=5706"}],"wp:term":[{"taxonomy":"category","embeddable":true,"href":"https:\/\/radioclubedeinhapim.com.br\/index.php\/wp-json\/wp\/v2\/categories?post=5706"},{"taxonomy":"post_tag","embeddable":true,"href":"https:\/\/radioclubedeinhapim.com.br\/index.php\/wp-json\/wp\/v2\/tags?post=5706"}],"curies":[{"name":"wp","href":"https:\/\/api.w.org\/{rel}","templated":true}]}}