{"id":5746,"date":"2025-06-18T10:35:21","date_gmt":"2025-06-18T13:35:21","guid":{"rendered":"https:\/\/radioclubedeinhapim.com.br\/?p=5746"},"modified":"2025-06-18T10:35:21","modified_gmt":"2025-06-18T13:35:21","slug":"veiculo-desgovernado-atinge-loja-em-timoteo-e-derruba-poste-de-sinalizacao","status":"publish","type":"post","link":"https:\/\/radioclubedeinhapim.com.br\/index.php\/2025\/06\/18\/veiculo-desgovernado-atinge-loja-em-timoteo-e-derruba-poste-de-sinalizacao\/","title":{"rendered":"Ve\u00edculo desgovernado atinge loja em Tim\u00f3teo e derruba poste de sinaliza\u00e7\u00e3o"},"content":{"rendered":"\n<p><a><\/a>Um forte estrondo interrompeu a rotina de quem passava pela Avenida Alberto Batista Galo, em Tim\u00f3teo, na noite dessa ter\u00e7a-feira (17).<\/p>\n\n\n\n<p>Um ve\u00edculo, modelo Toyota Corolla prata, subitamente perdeu o controle e avan\u00e7ou contra uma loja de materiais de constru\u00e7\u00e3o localizada nas proximidades do cruzamento com a Avenida Almir de Souza Ameno, no bairro Funcion\u00e1rios.<\/p>\n\n\n\n<p>A colis\u00e3o causou destrui\u00e7\u00e3o. O ve\u00edculo atravessou a cal\u00e7ada, quebrou a vidra\u00e7a da loja Fermaco e ainda atingiu um poste de sinaliza\u00e7\u00e3o, que foi derrubado com o impacto. As circunst\u00e2ncias do acidente ainda n\u00e3o foram esclarecidas e n\u00e3o h\u00e1 confirma\u00e7\u00e3o sobre o que teria provocado a perda de controle por parte do condutor.<\/p>\n\n\n\n<p>Ap\u00f3s o ocorrido, a Pol\u00edcia Militar foi acionada e compareceu ao local para registrar a ocorr\u00eancia e organizar o tr\u00e1fego, que ficou comprometido. Leitores do PLOX enviaram v\u00eddeo e fotos para a reda\u00e7\u00e3o.<\/p>\n\n\n\n<p>Apesar do cen\u00e1rio de destrui\u00e7\u00e3o, at\u00e9 o momento n\u00e3o h\u00e1 informa\u00e7\u00f5es sobre feridos.<\/p>\n","protected":false},"excerpt":{"rendered":"<p>Um forte estrondo interrompeu a rotina de quem passava pela Avenida Alberto Batista Galo, em Tim\u00f3teo, na noite dessa ter\u00e7a-feira (17). Um ve\u00edculo, modelo Toyota Corolla prata, subitamente perdeu o controle e avan\u00e7ou contra uma loja de materiais de constru\u00e7\u00e3o localizada nas proximidades do cruzamento com a Avenida Almir de Souza Ameno, no bairro Funcion\u00e1rios. [&hellip;]<\/p>\n","protected":false},"author":2,"featured_media":5747,"comment_status":"open","ping_status":"open","sticky":false,"template":"","format":"standard","meta":{"footnotes":""},"categories":[5],"tags":[],"class_list":["post-5746","post","type-post","status-publish","format-standard","has-post-thumbnail","hentry","category-noticias"],"wpmagazine_modules_lite_featured_media_urls":{"thumbnail":["https:\/\/radioclubedeinhapim.com.br\/wp-content\/uploads\/2025\/06\/Copia-de-Inserir-um-subtitulo-2025-06-18T095114.254-150x150.jpg",150,150,true],"cvmm-medium":["https:\/\/radioclubedeinhapim.com.br\/wp-content\/uploads\/2025\/06\/Copia-de-Inserir-um-subtitulo-2025-06-18T095114.254-300x300.jpg",300,300,true],"cvmm-medium-plus":["https:\/\/radioclubedeinhapim.com.br\/wp-content\/uploads\/2025\/06\/Copia-de-Inserir-um-subtitulo-2025-06-18T095114.254-305x207.jpg",305,207,true],"cvmm-portrait":["https:\/\/radioclubedeinhapim.com.br\/wp-content\/uploads\/2025\/06\/Copia-de-Inserir-um-subtitulo-2025-06-18T095114.254-400x600.jpg",400,600,true],"cvmm-medium-square":["https:\/\/radioclubedeinhapim.com.br\/wp-content\/uploads\/2025\/06\/Copia-de-Inserir-um-subtitulo-2025-06-18T095114.254-600x600.jpg",600,600,true],"cvmm-large":["https:\/\/radioclubedeinhapim.com.br\/wp-content\/uploads\/2025\/06\/Copia-de-Inserir-um-subtitulo-2025-06-18T095114.254-1024x1024.jpg",1024,1024,true],"cvmm-small":["https:\/\/radioclubedeinhapim.com.br\/wp-content\/uploads\/2025\/06\/Copia-de-Inserir-um-subtitulo-2025-06-18T095114.254-130x95.jpg",130,95,true],"full":["https:\/\/radioclubedeinhapim.com.br\/wp-content\/uploads\/2025\/06\/Copia-de-Inserir-um-subtitulo-2025-06-18T095114.254.jpg",1080,1080,false]},"categories_names":{"5":{"name":"Not\u00edcias","link":"https:\/\/radioclubedeinhapim.com.br\/index.php\/category\/noticias\/"}},"tags_names":[],"comments_number":"0","_links":{"self":[{"href":"https:\/\/radioclubedeinhapim.com.br\/index.php\/wp-json\/wp\/v2\/posts\/5746","targetHints":{"allow":["GET"]}}],"collection":[{"href":"https:\/\/radioclubedeinhapim.com.br\/index.php\/wp-json\/wp\/v2\/posts"}],"about":[{"href":"https:\/\/radioclubedeinhapim.com.br\/index.php\/wp-json\/wp\/v2\/types\/post"}],"author":[{"embeddable":true,"href":"https:\/\/radioclubedeinhapim.com.br\/index.php\/wp-json\/wp\/v2\/users\/2"}],"replies":[{"embeddable":true,"href":"https:\/\/radioclubedeinhapim.com.br\/index.php\/wp-json\/wp\/v2\/comments?post=5746"}],"version-history":[{"count":1,"href":"https:\/\/radioclubedeinhapim.com.br\/index.php\/wp-json\/wp\/v2\/posts\/5746\/revisions"}],"predecessor-version":[{"id":5748,"href":"https:\/\/radioclubedeinhapim.com.br\/index.php\/wp-json\/wp\/v2\/posts\/5746\/revisions\/5748"}],"wp:featuredmedia":[{"embeddable":true,"href":"https:\/\/radioclubedeinhapim.com.br\/index.php\/wp-json\/wp\/v2\/media\/5747"}],"wp:attachment":[{"href":"https:\/\/radioclubedeinhapim.com.br\/index.php\/wp-json\/wp\/v2\/media?parent=5746"}],"wp:term":[{"taxonomy":"category","embeddable":true,"href":"https:\/\/radioclubedeinhapim.com.br\/index.php\/wp-json\/wp\/v2\/categories?post=5746"},{"taxonomy":"post_tag","embeddable":true,"href":"https:\/\/radioclubedeinhapim.com.br\/index.php\/wp-json\/wp\/v2\/tags?post=5746"}],"curies":[{"name":"wp","href":"https:\/\/api.w.org\/{rel}","templated":true}]}}