{"id":5784,"date":"2025-06-20T10:38:12","date_gmt":"2025-06-20T13:38:12","guid":{"rendered":"https:\/\/radioclubedeinhapim.com.br\/?p=5784"},"modified":"2025-06-20T10:38:12","modified_gmt":"2025-06-20T13:38:12","slug":"homem-e-preso-por-porte-ilegal-de-arma-de-fogo-e-ameaca-durante-cavalgada-em-vargem-alegre","status":"publish","type":"post","link":"https:\/\/radioclubedeinhapim.com.br\/index.php\/2025\/06\/20\/homem-e-preso-por-porte-ilegal-de-arma-de-fogo-e-ameaca-durante-cavalgada-em-vargem-alegre\/","title":{"rendered":"Homem \u00e9 preso por porte ilegal de arma de fogo e amea\u00e7a durante cavalgada em Vargem Alegre"},"content":{"rendered":"\n<p>A Pol\u00edcia Militar de Minas Gerais prendeu, na noite deste domingo (19), um homem de 34 anos por porte ilegal de arma de fogo e amea\u00e7a, na zona rural de Vargem Alegre. A ocorr\u00eancia foi registrada nas proximidades do C\u00f3rrego do Boi, em uma estrada que d\u00e1 acesso ao distrito de Rev\u00e9s do Bel\u00e9m, durante um evento de cavalgada.<\/p>\n\n\n\n<p>De acordo com informa\u00e7\u00f5es da Pol\u00edcia Militar, a equipe do destacamento de Vargem Alegre realizava patrulhamento preventivo quando foi acionada ap\u00f3s receber den\u00fancia de que uma mulher teria sido amea\u00e7ada com uma arma de fogo. A v\u00edtima \u00e9 ex-companheira do autor.<\/p>\n\n\n\n<p>Imediatamente, os militares iniciaram dilig\u00eancias na tentativa de localizar o suspeito, que foi encontrado fugindo em uma motocicleta pela estrada que leva ao local da cavalgada. Ao perceber a aproxima\u00e7\u00e3o da viatura, o homem ainda tentou despistar os policiais, mas foi abordado.<\/p>\n\n\n\n<p>Durante a busca pessoal, os militares encontraram em posse do indiv\u00edduo um rev\u00f3lver calibre .38, municiado com seis muni\u00e7\u00f5es intactas. Diante da situa\u00e7\u00e3o, ele recebeu voz de pris\u00e3o em flagrante.<\/p>\n\n\n\n<p>O autor foi encaminhado para a Delegacia de Pol\u00edcia Civil de Caratinga, juntamente com a arma apreendida, onde foram adotadas as medidas cab\u00edveis. A Pol\u00edcia Militar refor\u00e7a que a\u00e7\u00f5es preventivas e de repress\u00e3o aos crimes seguem sendo intensificadas, especialmente durante eventos e festividades na regi\u00e3o, visando garantir a seguran\u00e7a da popula\u00e7\u00e3o.<\/p>\n","protected":false},"excerpt":{"rendered":"<p>A Pol\u00edcia Militar de Minas Gerais prendeu, na noite deste domingo (19), um homem de 34 anos por porte ilegal de arma de fogo e amea\u00e7a, na zona rural de Vargem Alegre. A ocorr\u00eancia foi registrada nas proximidades do C\u00f3rrego do Boi, em uma estrada que d\u00e1 acesso ao distrito de Rev\u00e9s do Bel\u00e9m, durante [&hellip;]<\/p>\n","protected":false},"author":2,"featured_media":5785,"comment_status":"open","ping_status":"open","sticky":false,"template":"","format":"standard","meta":{"footnotes":""},"categories":[5],"tags":[],"class_list":["post-5784","post","type-post","status-publish","format-standard","has-post-thumbnail","hentry","category-noticias"],"wpmagazine_modules_lite_featured_media_urls":{"thumbnail":["https:\/\/radioclubedeinhapim.com.br\/wp-content\/uploads\/2025\/06\/Copia-de-Inserir-um-subtitulo-2025-06-20T103833.599-150x150.jpg",150,150,true],"cvmm-medium":["https:\/\/radioclubedeinhapim.com.br\/wp-content\/uploads\/2025\/06\/Copia-de-Inserir-um-subtitulo-2025-06-20T103833.599-300x300.jpg",300,300,true],"cvmm-medium-plus":["https:\/\/radioclubedeinhapim.com.br\/wp-content\/uploads\/2025\/06\/Copia-de-Inserir-um-subtitulo-2025-06-20T103833.599-305x207.jpg",305,207,true],"cvmm-portrait":["https:\/\/radioclubedeinhapim.com.br\/wp-content\/uploads\/2025\/06\/Copia-de-Inserir-um-subtitulo-2025-06-20T103833.599-400x600.jpg",400,600,true],"cvmm-medium-square":["https:\/\/radioclubedeinhapim.com.br\/wp-content\/uploads\/2025\/06\/Copia-de-Inserir-um-subtitulo-2025-06-20T103833.599-600x600.jpg",600,600,true],"cvmm-large":["https:\/\/radioclubedeinhapim.com.br\/wp-content\/uploads\/2025\/06\/Copia-de-Inserir-um-subtitulo-2025-06-20T103833.599-1024x1024.jpg",1024,1024,true],"cvmm-small":["https:\/\/radioclubedeinhapim.com.br\/wp-content\/uploads\/2025\/06\/Copia-de-Inserir-um-subtitulo-2025-06-20T103833.599-130x95.jpg",130,95,true],"full":["https:\/\/radioclubedeinhapim.com.br\/wp-content\/uploads\/2025\/06\/Copia-de-Inserir-um-subtitulo-2025-06-20T103833.599.jpg",1080,1080,false]},"categories_names":{"5":{"name":"Not\u00edcias","link":"https:\/\/radioclubedeinhapim.com.br\/index.php\/category\/noticias\/"}},"tags_names":[],"comments_number":"0","_links":{"self":[{"href":"https:\/\/radioclubedeinhapim.com.br\/index.php\/wp-json\/wp\/v2\/posts\/5784","targetHints":{"allow":["GET"]}}],"collection":[{"href":"https:\/\/radioclubedeinhapim.com.br\/index.php\/wp-json\/wp\/v2\/posts"}],"about":[{"href":"https:\/\/radioclubedeinhapim.com.br\/index.php\/wp-json\/wp\/v2\/types\/post"}],"author":[{"embeddable":true,"href":"https:\/\/radioclubedeinhapim.com.br\/index.php\/wp-json\/wp\/v2\/users\/2"}],"replies":[{"embeddable":true,"href":"https:\/\/radioclubedeinhapim.com.br\/index.php\/wp-json\/wp\/v2\/comments?post=5784"}],"version-history":[{"count":1,"href":"https:\/\/radioclubedeinhapim.com.br\/index.php\/wp-json\/wp\/v2\/posts\/5784\/revisions"}],"predecessor-version":[{"id":5786,"href":"https:\/\/radioclubedeinhapim.com.br\/index.php\/wp-json\/wp\/v2\/posts\/5784\/revisions\/5786"}],"wp:featuredmedia":[{"embeddable":true,"href":"https:\/\/radioclubedeinhapim.com.br\/index.php\/wp-json\/wp\/v2\/media\/5785"}],"wp:attachment":[{"href":"https:\/\/radioclubedeinhapim.com.br\/index.php\/wp-json\/wp\/v2\/media?parent=5784"}],"wp:term":[{"taxonomy":"category","embeddable":true,"href":"https:\/\/radioclubedeinhapim.com.br\/index.php\/wp-json\/wp\/v2\/categories?post=5784"},{"taxonomy":"post_tag","embeddable":true,"href":"https:\/\/radioclubedeinhapim.com.br\/index.php\/wp-json\/wp\/v2\/tags?post=5784"}],"curies":[{"name":"wp","href":"https:\/\/api.w.org\/{rel}","templated":true}]}}