{"id":5792,"date":"2025-06-21T09:06:37","date_gmt":"2025-06-21T12:06:37","guid":{"rendered":"https:\/\/radioclubedeinhapim.com.br\/?p=5792"},"modified":"2025-06-21T09:06:45","modified_gmt":"2025-06-21T12:06:45","slug":"jovem-com-a-pior-dor-do-mundo-sera-colocada-em-coma-no-sul-de-minas","status":"publish","type":"post","link":"https:\/\/radioclubedeinhapim.com.br\/index.php\/2025\/06\/21\/jovem-com-a-pior-dor-do-mundo-sera-colocada-em-coma-no-sul-de-minas\/","title":{"rendered":"Jovem com a &#8216;pior dor do mundo&#8217; ser\u00e1 colocada em coma no Sul de Minas"},"content":{"rendered":"\n<p>Desde 2017, Carolina Arruda, uma jovem de 27 anos do Sul de Minas, convive com dores que desafiam at\u00e9 os tratamentos mais avan\u00e7ados da medicina. Diagnosticada com uma condi\u00e7\u00e3o rara e devastadora, a neuralgia do trig\u00eameo, Carolina chegou ao limite das possibilidades m\u00e9dicas e emocionais.<\/p>\n\n\n\n<p>Mesmo ap\u00f3s seis interven\u00e7\u00f5es cir\u00fargicas no c\u00e9rebro, nenhuma delas foi capaz de proporcionar al\u00edvio. Sua condi\u00e7\u00e3o, ainda mais rara por se manifestar de forma bilateral \u2014 afetando os dois lados do rosto \u2014, a condena a uma dor constante, presente mesmo durante o sono ou com os olhos fechados. \u201cA dor nunca vai embora. Nem com rem\u00e9dio, nem com cirurgia. Nem dormindo\u201d, relatou a jovem nas redes sociais.<br><br>A nova alternativa, por mais radical que pare\u00e7a, ser\u00e1 um coma induzido, um estado de inconsci\u00eancia profunda, planejado e controlado pelos m\u00e9dicos. Segundo Carolina, o procedimento ser\u00e1 realizado na Santa Casa de Alfenas, no pr\u00f3ximo dia 13 de agosto, e poder\u00e1 durar at\u00e9 cinco dias. Durante esse per\u00edodo, ela ser\u00e1 sedada, entubada e deixar\u00e1 de tomar os medicamentos que j\u00e1 n\u00e3o fazem mais efeito.<\/p>\n\n\n\n<blockquote class=\"wp-block-quote is-layout-flow wp-block-quote-is-layout-flow\">\n<p>\u201cMinha \u00faltima esperan\u00e7a agora \u00e9 ser colocada em coma induzido, entubada, sem consci\u00eancia, pra ver se meu c\u00e9rebro \u2018reinicia\u2019 e volta a responder aos rem\u00e9dios\u201d, disse em uma publica\u00e7\u00e3o comovente.<\/p>\n\n\n\n<figure class=\"wp-block-image size-large is-resized\"><img fetchpriority=\"high\" decoding=\"async\" width=\"1024\" height=\"768\" src=\"https:\/\/radioclubedeinhapim.com.br\/wp-content\/uploads\/2025\/06\/bb-1024x768.webp\" alt=\"\" class=\"wp-image-5794\" style=\"width:544px;height:auto\" srcset=\"https:\/\/radioclubedeinhapim.com.br\/wp-content\/uploads\/2025\/06\/bb-1024x768.webp 1024w, https:\/\/radioclubedeinhapim.com.br\/wp-content\/uploads\/2025\/06\/bb-300x225.webp 300w, https:\/\/radioclubedeinhapim.com.br\/wp-content\/uploads\/2025\/06\/bb-768x576.webp 768w, https:\/\/radioclubedeinhapim.com.br\/wp-content\/uploads\/2025\/06\/bb.webp 1200w\" sizes=\"(max-width: 1024px) 100vw, 1024px\" \/><\/figure>\n<\/blockquote>\n\n\n\n<p>A esperan\u00e7a dos m\u00e9dicos \u00e9 que, ao despertar, o c\u00e9rebro de Carolina reaja novamente aos medicamentos. Contudo, n\u00e3o h\u00e1 garantias. Nem mesmo os especialistas sabem se essa tentativa extrema poder\u00e1 gerar algum tipo de melhora. \u201cA \u00fanica esperan\u00e7a \u00e9 que quando eu acordar, o meu c\u00e9rebro aceite de novo os medicamentos, mas nem os m\u00e9dicos sabem se isso vai acontecer\u201d, revelou.<\/p>\n\n\n\n<p>Em um momento de desabafo, ela expressou seu cansa\u00e7o f\u00edsico e emocional: \u201cChegar nesse ponto \u00e9 desesperador. Eu s\u00f3 queria ter um pouco de paz, nem que fosse apagando tudo por pelo menos alguns dias, s\u00f3 para estar escapado desse pesadelo que parece que n\u00e3o tem fim.\u201d<\/p>\n\n\n\n<p>No ano anterior, Carolina chegou a manifestar publicamente o desejo de buscar procedimentos como a eutan\u00e1sia ou o suic\u00eddio assistido em outro pa\u00eds, alternativas ilegais no Brasil, como forma de escapar da dor incessante.<\/p>\n\n\n\n<p>A jovem segue lutando diariamente com uma condi\u00e7\u00e3o que acomete menos de 0,3% da popula\u00e7\u00e3o mundial, sendo sua forma espec\u00edfica uma das mais raras j\u00e1 identificadas. A hist\u00f3ria de Carolina n\u00e3o \u00e9 apenas sobre dor, mas sobre resist\u00eancia diante de uma realidade cruel e pouco compreendida.<\/p>\n","protected":false},"excerpt":{"rendered":"<p>Desde 2017, Carolina Arruda, uma jovem de 27 anos do Sul de Minas, convive com dores que desafiam at\u00e9 os tratamentos mais avan\u00e7ados da medicina. Diagnosticada com uma condi\u00e7\u00e3o rara e devastadora, a neuralgia do trig\u00eameo, Carolina chegou ao limite das possibilidades m\u00e9dicas e emocionais. Mesmo ap\u00f3s seis interven\u00e7\u00f5es cir\u00fargicas no c\u00e9rebro, nenhuma delas foi [&hellip;]<\/p>\n","protected":false},"author":2,"featured_media":5793,"comment_status":"open","ping_status":"open","sticky":false,"template":"","format":"standard","meta":{"footnotes":""},"categories":[5,1],"tags":[],"class_list":["post-5792","post","type-post","status-publish","format-standard","has-post-thumbnail","hentry","category-noticias","category-uncategorized"],"wpmagazine_modules_lite_featured_media_urls":{"thumbnail":["https:\/\/radioclubedeinhapim.com.br\/wp-content\/uploads\/2025\/06\/aa-150x150.jpg",150,150,true],"cvmm-medium":["https:\/\/radioclubedeinhapim.com.br\/wp-content\/uploads\/2025\/06\/aa-300x300.jpg",300,300,true],"cvmm-medium-plus":["https:\/\/radioclubedeinhapim.com.br\/wp-content\/uploads\/2025\/06\/aa-305x207.jpg",305,207,true],"cvmm-portrait":["https:\/\/radioclubedeinhapim.com.br\/wp-content\/uploads\/2025\/06\/aa-400x600.jpg",400,600,true],"cvmm-medium-square":["https:\/\/radioclubedeinhapim.com.br\/wp-content\/uploads\/2025\/06\/aa-600x600.jpg",600,600,true],"cvmm-large":["https:\/\/radioclubedeinhapim.com.br\/wp-content\/uploads\/2025\/06\/aa.jpg",970,728,false],"cvmm-small":["https:\/\/radioclubedeinhapim.com.br\/wp-content\/uploads\/2025\/06\/aa-130x95.jpg",130,95,true],"full":["https:\/\/radioclubedeinhapim.com.br\/wp-content\/uploads\/2025\/06\/aa.jpg",970,728,false]},"categories_names":{"5":{"name":"Not\u00edcias","link":"https:\/\/radioclubedeinhapim.com.br\/index.php\/category\/noticias\/"},"1":{"name":"Uncategorized","link":"https:\/\/radioclubedeinhapim.com.br\/index.php\/category\/uncategorized\/"}},"tags_names":[],"comments_number":"0","_links":{"self":[{"href":"https:\/\/radioclubedeinhapim.com.br\/index.php\/wp-json\/wp\/v2\/posts\/5792","targetHints":{"allow":["GET"]}}],"collection":[{"href":"https:\/\/radioclubedeinhapim.com.br\/index.php\/wp-json\/wp\/v2\/posts"}],"about":[{"href":"https:\/\/radioclubedeinhapim.com.br\/index.php\/wp-json\/wp\/v2\/types\/post"}],"author":[{"embeddable":true,"href":"https:\/\/radioclubedeinhapim.com.br\/index.php\/wp-json\/wp\/v2\/users\/2"}],"replies":[{"embeddable":true,"href":"https:\/\/radioclubedeinhapim.com.br\/index.php\/wp-json\/wp\/v2\/comments?post=5792"}],"version-history":[{"count":1,"href":"https:\/\/radioclubedeinhapim.com.br\/index.php\/wp-json\/wp\/v2\/posts\/5792\/revisions"}],"predecessor-version":[{"id":5795,"href":"https:\/\/radioclubedeinhapim.com.br\/index.php\/wp-json\/wp\/v2\/posts\/5792\/revisions\/5795"}],"wp:featuredmedia":[{"embeddable":true,"href":"https:\/\/radioclubedeinhapim.com.br\/index.php\/wp-json\/wp\/v2\/media\/5793"}],"wp:attachment":[{"href":"https:\/\/radioclubedeinhapim.com.br\/index.php\/wp-json\/wp\/v2\/media?parent=5792"}],"wp:term":[{"taxonomy":"category","embeddable":true,"href":"https:\/\/radioclubedeinhapim.com.br\/index.php\/wp-json\/wp\/v2\/categories?post=5792"},{"taxonomy":"post_tag","embeddable":true,"href":"https:\/\/radioclubedeinhapim.com.br\/index.php\/wp-json\/wp\/v2\/tags?post=5792"}],"curies":[{"name":"wp","href":"https:\/\/api.w.org\/{rel}","templated":true}]}}