{"id":5845,"date":"2025-06-24T15:37:36","date_gmt":"2025-06-24T18:37:36","guid":{"rendered":"https:\/\/radioclubedeinhapim.com.br\/?p=5845"},"modified":"2025-06-24T15:37:36","modified_gmt":"2025-06-24T18:37:36","slug":"ira-fala-em-grande-vitoria-e-anuncia-fim-do-conflito-com-israel-ambos-paises-sinalizaram-o-fim-do-conflito","status":"publish","type":"post","link":"https:\/\/radioclubedeinhapim.com.br\/index.php\/2025\/06\/24\/ira-fala-em-grande-vitoria-e-anuncia-fim-do-conflito-com-israel-ambos-paises-sinalizaram-o-fim-do-conflito\/","title":{"rendered":"Ir\u00e3 fala em &#8216;grande vit\u00f3ria&#8217; e anuncia fim do conflito com Israel; ambos pa\u00edses sinalizaram o fim do conflito"},"content":{"rendered":"\n<p>O Ir\u00e3 declarou oficialmente, nesta ter\u00e7a-feira (24), o fim do conflito contra Israel ap\u00f3s 12 dias de intensos combates. O presidente iraniano, Masoud Pezeshkian, classificou o desfecho como uma &#8220;grande vit\u00f3ria&#8221; e afirmou que a guerra foi \u201cimposta ao Ir\u00e3 pelo aventurismo de Israel\u201d. Ambos os pa\u00edses sinalizaram, ao mesmo tempo, o encerramento das hostilidades.<\/p>\n\n\n\n<p>O an\u00fancio ocorreu poucas horas ap\u00f3s a entrada em vigor de um cessar-fogo, intermediado pelos Estados Unidos com apoio do Catar. A tr\u00e9gua, no entanto, come\u00e7ou sob forte tens\u00e3o. Relatos indicam que, mesmo ap\u00f3s o acordo, houve novos ataques isolados.<\/p>\n\n\n\n<p>O aiatol\u00e1 Ali Khamenei, l\u00edder supremo do Ir\u00e3, refor\u00e7ou que \u201ca na\u00e7\u00e3o iraniana n\u00e3o \u00e9 uma na\u00e7\u00e3o que se rende\u201d. J\u00e1 o Comando Militar iraniano alertou que Israel e os EUA devem \u201caprender com os golpes esmagadores\u201d sofridos tanto no territ\u00f3rio israelense quanto na base americana de Al-Udeid, no Catar.<\/p>\n\n\n\n<p>O presidente dos EUA, Donald Trump, respons\u00e1vel por anunciar o cessar-fogo, expressou insatisfa\u00e7\u00e3o com os dois lados. \u201cIsrael tem de se acalmar\u201d, afirmou, alertando que qualquer nova ofensiva seria considerada uma grave viola\u00e7\u00e3o.<\/p>\n\n\n\n<p>Pelo lado israelense, o chefe do Estado-Maior, Eyal Zamir, confirmou o fim dos ataques diretos ao Ir\u00e3, mas deixou claro que a campanha n\u00e3o acabou. \u201cNosso foco agora \u00e9 resgatar ref\u00e9ns e destruir o Hamas em Gaza\u201d, declarou.<\/p>\n\n\n\n<p>O cessar-fogo foi costurado ap\u00f3s um ataque iraniano \u00e0 base americana no Catar, como resposta ao bombardeio das instala\u00e7\u00f5es nucleares do Ir\u00e3. A media\u00e7\u00e3o envolveu diretamente Trump, o premi\u00ea israelense Benjamin Netanyahu e o primeiro-ministro do Catar, al\u00e9m de diplomatas de alto escal\u00e3o dos EUA.<\/p>\n\n\n\n<p>O Ir\u00e3 anunciou ainda que reabrir\u00e1 seu espa\u00e7o a\u00e9reo, fechado desde o in\u00edcio dos ataques, mas a tens\u00e3o persiste na regi\u00e3o.<\/p>\n","protected":false},"excerpt":{"rendered":"<p>O Ir\u00e3 declarou oficialmente, nesta ter\u00e7a-feira (24), o fim do conflito contra Israel ap\u00f3s 12 dias de intensos combates. O presidente iraniano, Masoud Pezeshkian, classificou o desfecho como uma &#8220;grande vit\u00f3ria&#8221; e afirmou que a guerra foi \u201cimposta ao Ir\u00e3 pelo aventurismo de Israel\u201d. Ambos os pa\u00edses sinalizaram, ao mesmo tempo, o encerramento das hostilidades. [&hellip;]<\/p>\n","protected":false},"author":2,"featured_media":5846,"comment_status":"open","ping_status":"open","sticky":false,"template":"","format":"standard","meta":{"footnotes":""},"categories":[5],"tags":[],"class_list":["post-5845","post","type-post","status-publish","format-standard","has-post-thumbnail","hentry","category-noticias"],"wpmagazine_modules_lite_featured_media_urls":{"thumbnail":["https:\/\/radioclubedeinhapim.com.br\/wp-content\/uploads\/2025\/06\/Copia-de-Inserir-um-subtitulo-2025-06-24T153847.874-150x150.jpg",150,150,true],"cvmm-medium":["https:\/\/radioclubedeinhapim.com.br\/wp-content\/uploads\/2025\/06\/Copia-de-Inserir-um-subtitulo-2025-06-24T153847.874-300x300.jpg",300,300,true],"cvmm-medium-plus":["https:\/\/radioclubedeinhapim.com.br\/wp-content\/uploads\/2025\/06\/Copia-de-Inserir-um-subtitulo-2025-06-24T153847.874-305x207.jpg",305,207,true],"cvmm-portrait":["https:\/\/radioclubedeinhapim.com.br\/wp-content\/uploads\/2025\/06\/Copia-de-Inserir-um-subtitulo-2025-06-24T153847.874-400x600.jpg",400,600,true],"cvmm-medium-square":["https:\/\/radioclubedeinhapim.com.br\/wp-content\/uploads\/2025\/06\/Copia-de-Inserir-um-subtitulo-2025-06-24T153847.874-600x600.jpg",600,600,true],"cvmm-large":["https:\/\/radioclubedeinhapim.com.br\/wp-content\/uploads\/2025\/06\/Copia-de-Inserir-um-subtitulo-2025-06-24T153847.874-1024x1024.jpg",1024,1024,true],"cvmm-small":["https:\/\/radioclubedeinhapim.com.br\/wp-content\/uploads\/2025\/06\/Copia-de-Inserir-um-subtitulo-2025-06-24T153847.874-130x95.jpg",130,95,true],"full":["https:\/\/radioclubedeinhapim.com.br\/wp-content\/uploads\/2025\/06\/Copia-de-Inserir-um-subtitulo-2025-06-24T153847.874.jpg",1080,1080,false]},"categories_names":{"5":{"name":"Not\u00edcias","link":"https:\/\/radioclubedeinhapim.com.br\/index.php\/category\/noticias\/"}},"tags_names":[],"comments_number":"0","_links":{"self":[{"href":"https:\/\/radioclubedeinhapim.com.br\/index.php\/wp-json\/wp\/v2\/posts\/5845","targetHints":{"allow":["GET"]}}],"collection":[{"href":"https:\/\/radioclubedeinhapim.com.br\/index.php\/wp-json\/wp\/v2\/posts"}],"about":[{"href":"https:\/\/radioclubedeinhapim.com.br\/index.php\/wp-json\/wp\/v2\/types\/post"}],"author":[{"embeddable":true,"href":"https:\/\/radioclubedeinhapim.com.br\/index.php\/wp-json\/wp\/v2\/users\/2"}],"replies":[{"embeddable":true,"href":"https:\/\/radioclubedeinhapim.com.br\/index.php\/wp-json\/wp\/v2\/comments?post=5845"}],"version-history":[{"count":1,"href":"https:\/\/radioclubedeinhapim.com.br\/index.php\/wp-json\/wp\/v2\/posts\/5845\/revisions"}],"predecessor-version":[{"id":5847,"href":"https:\/\/radioclubedeinhapim.com.br\/index.php\/wp-json\/wp\/v2\/posts\/5845\/revisions\/5847"}],"wp:featuredmedia":[{"embeddable":true,"href":"https:\/\/radioclubedeinhapim.com.br\/index.php\/wp-json\/wp\/v2\/media\/5846"}],"wp:attachment":[{"href":"https:\/\/radioclubedeinhapim.com.br\/index.php\/wp-json\/wp\/v2\/media?parent=5845"}],"wp:term":[{"taxonomy":"category","embeddable":true,"href":"https:\/\/radioclubedeinhapim.com.br\/index.php\/wp-json\/wp\/v2\/categories?post=5845"},{"taxonomy":"post_tag","embeddable":true,"href":"https:\/\/radioclubedeinhapim.com.br\/index.php\/wp-json\/wp\/v2\/tags?post=5845"}],"curies":[{"name":"wp","href":"https:\/\/api.w.org\/{rel}","templated":true}]}}