{"id":5893,"date":"2025-06-26T10:17:20","date_gmt":"2025-06-26T13:17:20","guid":{"rendered":"https:\/\/radioclubedeinhapim.com.br\/?p=5893"},"modified":"2025-06-26T10:17:20","modified_gmt":"2025-06-26T13:17:20","slug":"bolsonaro-em-bh-apoiadores-esperam-ex-presidente-em-confins-e-com-bandeiras-de-anistia-ja","status":"publish","type":"post","link":"https:\/\/radioclubedeinhapim.com.br\/index.php\/2025\/06\/26\/bolsonaro-em-bh-apoiadores-esperam-ex-presidente-em-confins-e-com-bandeiras-de-anistia-ja\/","title":{"rendered":"Bolsonaro em BH: apoiadores esperam ex-presidente em Confins e com bandeiras de \u2018Anistia J\u00e1&#8217;"},"content":{"rendered":"\n<p>Com camisas e bandeiras pedindo \u2018Anistia J\u00e1&#8217; para os envolvidos nos atos antidemocr\u00e1ticos de 8 de janeiro de 2023, cerca de 60 apoiadores do ex-presidente Jair Bolsonaro foram at\u00e9 o Aeroporto de Belo Horizonte, em Confins, receber o ex-chefe do Executivo.<\/p>\n\n\n\n<p>A cobran\u00e7a por uma anistia aos presos do 8\/1 se tornou uma das principais bandeiras de Bolsonaro em suas agendas pelo pa\u00eds.<\/p>\n\n\n\n<p>O ex-presidente Jair Bolsonaro (PL) desembarca em Belo Horizonte nesta quinta-feira (26) para participar do encontro estadual do Partido Liberal, \u00e0s 14h, na Pampulha. A agenda deve reunir deputados, vereadores e apoiadores do cacique do partido na capital mineira.<\/p>\n\n\n\n<p>Na sede do Executivo mineiro, o ex-presidente se re\u00fane com o vice-governador e governador em exerc\u00edcio, Mateus Sim\u00f5es (Novo), em uma conversa que deve tratar da derrubada dos vetos de Lula ao Programa de Pleno Pagamento de D\u00edvidas dos Estados (Propag). Ainda na reuni\u00e3o, devem ser discutidas as elei\u00e7\u00f5es de 2026.<\/p>\n","protected":false},"excerpt":{"rendered":"<p>Com camisas e bandeiras pedindo \u2018Anistia J\u00e1&#8217; para os envolvidos nos atos antidemocr\u00e1ticos de 8 de janeiro de 2023, cerca de 60 apoiadores do ex-presidente Jair Bolsonaro foram at\u00e9 o Aeroporto de Belo Horizonte, em Confins, receber o ex-chefe do Executivo. A cobran\u00e7a por uma anistia aos presos do 8\/1 se tornou uma das principais [&hellip;]<\/p>\n","protected":false},"author":2,"featured_media":5894,"comment_status":"open","ping_status":"open","sticky":false,"template":"","format":"standard","meta":{"footnotes":""},"categories":[5],"tags":[],"class_list":["post-5893","post","type-post","status-publish","format-standard","has-post-thumbnail","hentry","category-noticias"],"wpmagazine_modules_lite_featured_media_urls":{"thumbnail":["https:\/\/radioclubedeinhapim.com.br\/wp-content\/uploads\/2025\/06\/Copia-de-Inserir-um-subtitulo-2025-06-26T101821.318-150x150.jpg",150,150,true],"cvmm-medium":["https:\/\/radioclubedeinhapim.com.br\/wp-content\/uploads\/2025\/06\/Copia-de-Inserir-um-subtitulo-2025-06-26T101821.318-300x300.jpg",300,300,true],"cvmm-medium-plus":["https:\/\/radioclubedeinhapim.com.br\/wp-content\/uploads\/2025\/06\/Copia-de-Inserir-um-subtitulo-2025-06-26T101821.318-305x207.jpg",305,207,true],"cvmm-portrait":["https:\/\/radioclubedeinhapim.com.br\/wp-content\/uploads\/2025\/06\/Copia-de-Inserir-um-subtitulo-2025-06-26T101821.318-400x600.jpg",400,600,true],"cvmm-medium-square":["https:\/\/radioclubedeinhapim.com.br\/wp-content\/uploads\/2025\/06\/Copia-de-Inserir-um-subtitulo-2025-06-26T101821.318-600x600.jpg",600,600,true],"cvmm-large":["https:\/\/radioclubedeinhapim.com.br\/wp-content\/uploads\/2025\/06\/Copia-de-Inserir-um-subtitulo-2025-06-26T101821.318-1024x1024.jpg",1024,1024,true],"cvmm-small":["https:\/\/radioclubedeinhapim.com.br\/wp-content\/uploads\/2025\/06\/Copia-de-Inserir-um-subtitulo-2025-06-26T101821.318-130x95.jpg",130,95,true],"full":["https:\/\/radioclubedeinhapim.com.br\/wp-content\/uploads\/2025\/06\/Copia-de-Inserir-um-subtitulo-2025-06-26T101821.318.jpg",1080,1080,false]},"categories_names":{"5":{"name":"Not\u00edcias","link":"https:\/\/radioclubedeinhapim.com.br\/index.php\/category\/noticias\/"}},"tags_names":[],"comments_number":"0","_links":{"self":[{"href":"https:\/\/radioclubedeinhapim.com.br\/index.php\/wp-json\/wp\/v2\/posts\/5893","targetHints":{"allow":["GET"]}}],"collection":[{"href":"https:\/\/radioclubedeinhapim.com.br\/index.php\/wp-json\/wp\/v2\/posts"}],"about":[{"href":"https:\/\/radioclubedeinhapim.com.br\/index.php\/wp-json\/wp\/v2\/types\/post"}],"author":[{"embeddable":true,"href":"https:\/\/radioclubedeinhapim.com.br\/index.php\/wp-json\/wp\/v2\/users\/2"}],"replies":[{"embeddable":true,"href":"https:\/\/radioclubedeinhapim.com.br\/index.php\/wp-json\/wp\/v2\/comments?post=5893"}],"version-history":[{"count":1,"href":"https:\/\/radioclubedeinhapim.com.br\/index.php\/wp-json\/wp\/v2\/posts\/5893\/revisions"}],"predecessor-version":[{"id":5895,"href":"https:\/\/radioclubedeinhapim.com.br\/index.php\/wp-json\/wp\/v2\/posts\/5893\/revisions\/5895"}],"wp:featuredmedia":[{"embeddable":true,"href":"https:\/\/radioclubedeinhapim.com.br\/index.php\/wp-json\/wp\/v2\/media\/5894"}],"wp:attachment":[{"href":"https:\/\/radioclubedeinhapim.com.br\/index.php\/wp-json\/wp\/v2\/media?parent=5893"}],"wp:term":[{"taxonomy":"category","embeddable":true,"href":"https:\/\/radioclubedeinhapim.com.br\/index.php\/wp-json\/wp\/v2\/categories?post=5893"},{"taxonomy":"post_tag","embeddable":true,"href":"https:\/\/radioclubedeinhapim.com.br\/index.php\/wp-json\/wp\/v2\/tags?post=5893"}],"curies":[{"name":"wp","href":"https:\/\/api.w.org\/{rel}","templated":true}]}}